{"id":29720,"date":"2026-04-08T14:39:57","date_gmt":"2026-04-08T17:39:57","guid":{"rendered":"https:\/\/cta.clst17.mxpr.email.pecoraricloud.com.br\/~assufsmcom\/2026\/04\/08\/reuniao-para-caravaneirosas-sera-na-quinta-feira-09-com-presenca-obrigatoria\/"},"modified":"2026-04-08T14:39:57","modified_gmt":"2026-04-08T17:39:57","slug":"reuniao-para-caravaneirosas-sera-na-quinta-feira-09-com-presenca-obrigatoria","status":"publish","type":"post","link":"https:\/\/cta.clst17.mxpr.email.pecoraricloud.com.br\/~assufsmcom\/2026\/04\/08\/reuniao-para-caravaneirosas-sera-na-quinta-feira-09-com-presenca-obrigatoria\/","title":{"rendered":"Reuni\u00e3o para caravaneiros(as) ser\u00e1 na quinta-feira (09), com presen\u00e7a obrigat\u00f3ria"},"content":{"rendered":"\n<p><span dir=\"auto\" style=\"vertical-align: inherit;\"><span dir=\"auto\" style=\"vertical-align: inherit;\"><span dir=\"auto\" style=\"vertical-align: inherit;\"><span dir=\"auto\" style=\"vertical-align: inherit;\">Na<strong> quinta-feira (09), \u00e0s 14h<\/strong>, os e as caravaneiras devem estar presentes no\u00a0<strong>lon\u00e3o de greve<\/strong>, em frente ao INPE, para assinarem a documenta\u00e7\u00e3o necess\u00e1ria da viagem, como o termo de compromisso e orienta\u00e7\u00f5es gerais. A\u00a0<strong>presen\u00e7a \u00e9 obrigat\u00f3ria<\/strong> de todos e todas que ir\u00e3o \u00e0 Bras\u00edlia, para participarem da mobiliza\u00e7\u00e3o no dia 15 de abril na capital federal.<\/p>\n\n\n\n<p>A caravana tem as seguintes datas:<\/p>\n\n\n\n<p><strong>\u2013 Sa\u00edda: Meia-noite do dia 13\/04 (em frente ao Banco Bradesco, no centro da cidade, passando tamb\u00e9m pela Rodovi\u00e1ria de Camobi).<\/strong><\/p>\n\n\n\n<p><strong>\u2013 Retorno: Dia 17\/04<\/strong><\/p>\n\n\n\n<p>As inscri\u00e7\u00f5es para a caravana j\u00e1 encerraram.<\/p>\n\n\n\n<p>TAE, participe das a\u00e7\u00f5es da sua categoria!<\/span><\/span><\/span><\/span><\/p>\n","protected":false},"excerpt":{"rendered":"<p>Na quinta-feira (09), \u00e0s 14h, os e as caravaneiras devem estar presentes no\u00a0lon\u00e3o de greve, em frente ao INPE, para assinarem a documenta\u00e7\u00e3o necess\u00e1ria da viagem, como o termo de compromisso e orienta\u00e7\u00f5es gerais. A\u00a0presen\u00e7a \u00e9 obrigat\u00f3ria de todos e todas que ir\u00e3o \u00e0 Bras\u00edlia, para participarem da mobiliza\u00e7\u00e3o no dia 15 de abril na [&hellip;]<\/p>\n","protected":false},"author":4,"featured_media":29721,"comment_status":"open","ping_status":"open","sticky":false,"template":"","format":"standard","meta":{"footnotes":""},"categories":[249],"tags":[],"class_list":["post-29720","post","type-post","status-publish","format-standard","has-post-thumbnail","hentry","category-geralinformativoinicialinstitucionalnoticiaspublicacoes"],"_links":{"self":[{"href":"https:\/\/cta.clst17.mxpr.email.pecoraricloud.com.br\/~assufsmcom\/wp-json\/wp\/v2\/posts\/29720","targetHints":{"allow":["GET"]}}],"collection":[{"href":"https:\/\/cta.clst17.mxpr.email.pecoraricloud.com.br\/~assufsmcom\/wp-json\/wp\/v2\/posts"}],"about":[{"href":"https:\/\/cta.clst17.mxpr.email.pecoraricloud.com.br\/~assufsmcom\/wp-json\/wp\/v2\/types\/post"}],"author":[{"embeddable":true,"href":"https:\/\/cta.clst17.mxpr.email.pecoraricloud.com.br\/~assufsmcom\/wp-json\/wp\/v2\/users\/4"}],"replies":[{"embeddable":true,"href":"https:\/\/cta.clst17.mxpr.email.pecoraricloud.com.br\/~assufsmcom\/wp-json\/wp\/v2\/comments?post=29720"}],"version-history":[{"count":0,"href":"https:\/\/cta.clst17.mxpr.email.pecoraricloud.com.br\/~assufsmcom\/wp-json\/wp\/v2\/posts\/29720\/revisions"}],"wp:featuredmedia":[{"embeddable":true,"href":"https:\/\/cta.clst17.mxpr.email.pecoraricloud.com.br\/~assufsmcom\/wp-json\/wp\/v2\/media\/29721"}],"wp:attachment":[{"href":"https:\/\/cta.clst17.mxpr.email.pecoraricloud.com.br\/~assufsmcom\/wp-json\/wp\/v2\/media?parent=29720"}],"wp:term":[{"taxonomy":"category","embeddable":true,"href":"https:\/\/cta.clst17.mxpr.email.pecoraricloud.com.br\/~assufsmcom\/wp-json\/wp\/v2\/categories?post=29720"},{"taxonomy":"post_tag","embeddable":true,"href":"https:\/\/cta.clst17.mxpr.email.pecoraricloud.com.br\/~assufsmcom\/wp-json\/wp\/v2\/tags?post=29720"}],"curies":[{"name":"wp","href":"https:\/\/api.w.org\/{rel}","templated":true}]}}