{"id":29722,"date":"2026-04-08T14:58:29","date_gmt":"2026-04-08T17:58:29","guid":{"rendered":"https:\/\/cta.clst17.mxpr.email.pecoraricloud.com.br\/~assufsmcom\/2026\/04\/08\/fasubra-convoca-categoria-para-mutirao-de-mobilizacao-e-guerrilha-virtual-em-defesa-da-greve-nesta-quarta-feira-08\/"},"modified":"2026-04-08T14:58:29","modified_gmt":"2026-04-08T17:58:29","slug":"fasubra-convoca-categoria-para-mutirao-de-mobilizacao-e-guerrilha-virtual-em-defesa-da-greve-nesta-quarta-feira-08","status":"publish","type":"post","link":"https:\/\/cta.clst17.mxpr.email.pecoraricloud.com.br\/~assufsmcom\/2026\/04\/08\/fasubra-convoca-categoria-para-mutirao-de-mobilizacao-e-guerrilha-virtual-em-defesa-da-greve-nesta-quarta-feira-08\/","title":{"rendered":"Fasubra convoca categoria para mutir\u00e3o de mobiliza\u00e7\u00e3o e \u201cguerrilha virtual\u201d em defesa da greve, nesta quarta-feira (08)"},"content":{"rendered":"\n<span dir=\"auto\" style=\"vertical-align: inherit;\"><span dir=\"auto\" style=\"vertical-align: inherit;\"><span dir=\"auto\" style=\"vertical-align: inherit;\"><span dir=\"auto\" style=\"vertical-align: inherit;\"><p data-start=\"199\" data-end=\"568\">Com o objetivo de ampliar a visibilidade da greve e fortalecer a press\u00e3o pol\u00edtica pelo atendimento das reivindica\u00e7\u00f5es da categoria, a Fasubra Sindical est\u00e1 convocando trabalhadoras e trabalhadores t\u00e9cnico-administrativos em educa\u00e7\u00e3o (TAEs) para um grande mutir\u00e3o nacional de mobiliza\u00e7\u00e3o, que inclui a\u00e7\u00f5es presenciais e uma intensa \u201cguerrilha virtual\u201d nas redes sociais.<\/p>\n<p data-start=\"570\" data-end=\"917\">A orienta\u00e7\u00e3o foi encaminhada pelo Comando Nacional de Greve (CNG) e busca intensificar o di\u00e1logo com a sociedade e cobrar do governo federal o cumprimento dos compromissos assumidos com a categoria. A proposta \u00e9 combinar diferentes formas de mobiliza\u00e7\u00e3o, como atos de rua, panfletagens, atividades p\u00fablicas e a\u00e7\u00f5es coordenadas no ambiente digital.<\/p>\n<p data-start=\"919\" data-end=\"1173\">Al\u00e9m das atividades presenciais, a Fasubra refor\u00e7a a import\u00e2ncia da participa\u00e7\u00e3o coletiva nas redes sociais, utilizando perfis institucionais e pessoais para ampliar o alcance das reivindica\u00e7\u00f5es e pressionar as autoridades respons\u00e1veis pelas negocia\u00e7\u00f5es.<\/p>\n<p data-start=\"1175\" data-end=\"1386\">A categoria \u00e9 orientada a marcar, entre 18h \u00e0s 21h desta quarta-feira (08) nas publica\u00e7\u00f5es, os perfis oficiais <strong data-start=\"1245\" data-end=\"1331\">@lulaoficial, @estherdweck, @leonardobarchini, @mineducacao, @gestaogovbr e @govbr<\/strong>, al\u00e9m de utilizar as hashtags da mobiliza\u00e7\u00e3o nacional:<\/p>\n<p data-start=\"1388\" data-end=\"1522\"><strong data-start=\"1388\" data-end=\"1419\">#GovernoCumpraOAcordoDosTae<\/strong><br data-start=\"1419\" data-end=\"1422\" \/><strong data-start=\"1422\" data-end=\"1442\">#LulaRecebaOsTae<\/strong><br data-start=\"1442\" data-end=\"1445\" \/><strong data-start=\"1445\" data-end=\"1462\">#GreveTae2026<\/strong><br data-start=\"1462\" data-end=\"1465\" \/><strong data-start=\"1465\" data-end=\"1486\">#MgiRespeiteOsTae<\/strong><br data-start=\"1486\" data-end=\"1489\" \/><strong data-start=\"1489\" data-end=\"1522\">#GovernoRespeiteOsAposentados<\/strong><\/p>\n<p data-start=\"1524\" data-end=\"1732\">Segundo a Federa\u00e7\u00e3o, a participa\u00e7\u00e3o ativa da base \u00e9 fundamental neste momento para ampliar a press\u00e3o social e pol\u00edtica, garantindo que as pautas da greve ganhem visibilidade p\u00fablica e avancem nas negocia\u00e7\u00f5es.<\/p>\n<p data-start=\"1734\" data-end=\"1890\">A Fasubra refor\u00e7a que a mobiliza\u00e7\u00e3o nas ruas e nas redes \u00e9 parte estrat\u00e9gica da luta coletiva e convoca toda a categoria a somar for\u00e7as no mutir\u00e3o nacional.<\/p><\/span><\/span><\/span><\/span>\n","protected":false},"excerpt":{"rendered":"<p>Com o objetivo de ampliar a visibilidade da greve e fortalecer a press\u00e3o pol\u00edtica pelo atendimento das reivindica\u00e7\u00f5es da categoria, a Fasubra Sindical est\u00e1 convocando trabalhadoras e trabalhadores t\u00e9cnico-administrativos em educa\u00e7\u00e3o (TAEs) para um grande mutir\u00e3o nacional de mobiliza\u00e7\u00e3o, que inclui a\u00e7\u00f5es presenciais e uma intensa \u201cguerrilha virtual\u201d nas redes sociais. A orienta\u00e7\u00e3o foi encaminhada [&hellip;]<\/p>\n","protected":false},"author":4,"featured_media":29723,"comment_status":"open","ping_status":"open","sticky":false,"template":"","format":"standard","meta":{"footnotes":""},"categories":[249],"tags":[],"class_list":["post-29722","post","type-post","status-publish","format-standard","has-post-thumbnail","hentry","category-geralinformativoinicialinstitucionalnoticiaspublicacoes"],"_links":{"self":[{"href":"https:\/\/cta.clst17.mxpr.email.pecoraricloud.com.br\/~assufsmcom\/wp-json\/wp\/v2\/posts\/29722","targetHints":{"allow":["GET"]}}],"collection":[{"href":"https:\/\/cta.clst17.mxpr.email.pecoraricloud.com.br\/~assufsmcom\/wp-json\/wp\/v2\/posts"}],"about":[{"href":"https:\/\/cta.clst17.mxpr.email.pecoraricloud.com.br\/~assufsmcom\/wp-json\/wp\/v2\/types\/post"}],"author":[{"embeddable":true,"href":"https:\/\/cta.clst17.mxpr.email.pecoraricloud.com.br\/~assufsmcom\/wp-json\/wp\/v2\/users\/4"}],"replies":[{"embeddable":true,"href":"https:\/\/cta.clst17.mxpr.email.pecoraricloud.com.br\/~assufsmcom\/wp-json\/wp\/v2\/comments?post=29722"}],"version-history":[{"count":0,"href":"https:\/\/cta.clst17.mxpr.email.pecoraricloud.com.br\/~assufsmcom\/wp-json\/wp\/v2\/posts\/29722\/revisions"}],"wp:featuredmedia":[{"embeddable":true,"href":"https:\/\/cta.clst17.mxpr.email.pecoraricloud.com.br\/~assufsmcom\/wp-json\/wp\/v2\/media\/29723"}],"wp:attachment":[{"href":"https:\/\/cta.clst17.mxpr.email.pecoraricloud.com.br\/~assufsmcom\/wp-json\/wp\/v2\/media?parent=29722"}],"wp:term":[{"taxonomy":"category","embeddable":true,"href":"https:\/\/cta.clst17.mxpr.email.pecoraricloud.com.br\/~assufsmcom\/wp-json\/wp\/v2\/categories?post=29722"},{"taxonomy":"post_tag","embeddable":true,"href":"https:\/\/cta.clst17.mxpr.email.pecoraricloud.com.br\/~assufsmcom\/wp-json\/wp\/v2\/tags?post=29722"}],"curies":[{"name":"wp","href":"https:\/\/api.w.org\/{rel}","templated":true}]}}