{"id":29739,"date":"2026-04-09T15:11:32","date_gmt":"2026-04-09T18:11:32","guid":{"rendered":"https:\/\/cta.clst17.mxpr.email.pecoraricloud.com.br\/~assufsmcom\/2026\/04\/09\/46o-dia-de-greve-clg-repassa-informes-e-organiza-agenda-de-mobilizacoes-da-semana\/"},"modified":"2026-04-30T16:14:15","modified_gmt":"2026-04-30T19:14:15","slug":"46o-dia-de-greve-clg-repassa-informes-e-organiza-agenda-de-mobilizacoes-da-semana","status":"publish","type":"post","link":"https:\/\/cta.clst17.mxpr.email.pecoraricloud.com.br\/~assufsmcom\/2026\/04\/09\/46o-dia-de-greve-clg-repassa-informes-e-organiza-agenda-de-mobilizacoes-da-semana\/","title":{"rendered":"46\u00ba dia de greve: CLG repassa informes e organiza agenda de mobiliza\u00e7\u00f5es da semana"},"content":{"rendered":"\n<span dir=\"auto\" style=\"vertical-align: inherit;\"><span dir=\"auto\" style=\"vertical-align: inherit;\"><span dir=\"auto\" style=\"vertical-align: inherit;\"><span dir=\"auto\" style=\"vertical-align: inherit;\"><p data-start=\"88\" data-end=\"432\">Na manh\u00e3 desta quinta-feira (09), o Comando Local de Greve (CLG) realizou reuni\u00e3o no lon\u00e3o da greve, espa\u00e7o que tem concentrado diariamente as atividades de organiza\u00e7\u00e3o e mobiliza\u00e7\u00e3o da categoria durante o movimento paredista.<\/p>\n<p data-start=\"88\" data-end=\"432\">Entre as delibera\u00e7\u00f5es aprovadas, foi a realiza\u00e7\u00e3o de uma reuni\u00e3o no Hospital Universit\u00e1rio de Santa Maria (HUSM), marcada para ter\u00e7a-feira (14), \u00e0s 8h, com o objetivo de ampliar o di\u00e1logo com os trabalhadores e fortalecer a organiza\u00e7\u00e3o da greve no local.<\/p>\nOutro encaminhamento aprovado foi definida a realiza\u00e7\u00e3o de uma Assembleia de Greve no dia 15 de abril (quarta-feira), \u00e0s 9h, no audit\u00f3rio Wilson Aita, com o objetivo de atualizar informes, avaliar a conjuntura e discutir os rumos do movimento.\n<p data-start=\"698\" data-end=\"1112\">Tamb\u00e9m foi encaminhada uma atividade conjunta entre Sedufsm, Assufsm e o DCE, que ocorrer\u00e1 no dia 16 de abril (quinta-feira), \u00e0s 9h, no audit\u00f3rio do CCSH. A atividade ter\u00e1 como tem\u00e1tica a Democratiza\u00e7\u00e3o, promovendo o debate entre as entidades representativas da comunidade universit\u00e1ria. Ap\u00f3s o encontro, est\u00e1 prevista uma caminhada at\u00e9 a Reitoria, como forma de mobiliza\u00e7\u00e3o e di\u00e1logo com a gest\u00e3o da universidade.<\/p>\n<p data-start=\"698\" data-end=\"1112\">Ao final da manh\u00e3 desta quinta-feira, integrantes do CLG tamb\u00e9m realizaram visitas aos setores da universidade, promovendo panfletagem e conversas diretas com a categoria sobre o andamento da greve, seus objetivos e a import\u00e2ncia da participa\u00e7\u00e3o coletiva nas pr\u00f3ximas atividades.<\/p>\n<p data-start=\"1379\" data-end=\"1613\" data-is-last-node=\"\" data-is-only-node=\"\">O CLG refor\u00e7a a import\u00e2ncia da participa\u00e7\u00e3o da categoria nas atividades programadas, destacando que a mobiliza\u00e7\u00e3o coletiva \u00e9 fundamental para o fortalecimento da greve e para o avan\u00e7o das pautas defendidas pelos(as) trabalhadores(as).<\/p>\n<p data-start=\"1379\" data-end=\"1613\" data-is-last-node=\"\" data-is-only-node=\"\"><img fetchpriority=\"high\" decoding=\"async\" class=\"aligncenter size-full wp-image-34501\" src=\"https:\/\/cta.clst17.mxpr.email.pecoraricloud.com.br\/~assufsmcom\/wp-content\/uploads\/2026\/04\/MG_25951-scaled-1.jpg\" alt=\"\" width=\"2560\" height=\"1707\" \/> <img decoding=\"async\" class=\"aligncenter size-full wp-image-34502\" src=\"https:\/\/cta.clst17.mxpr.email.pecoraricloud.com.br\/~assufsmcom\/wp-content\/uploads\/2026\/04\/MG_25971-scaled-1.jpg\" alt=\"\" width=\"2560\" height=\"1707\" \/> <img decoding=\"async\" class=\"aligncenter size-full wp-image-34503\" src=\"https:\/\/cta.clst17.mxpr.email.pecoraricloud.com.br\/~assufsmcom\/wp-content\/uploads\/2026\/04\/MG_25981-scaled-1.jpg\" alt=\"\" width=\"2560\" height=\"1707\" \/><\/p>\n<p data-start=\"1379\" data-end=\"1613\" data-is-last-node=\"\" data-is-only-node=\"\"><img loading=\"lazy\" decoding=\"async\" class=\"aligncenter size-full wp-image-34498\" src=\"https:\/\/cta.clst17.mxpr.email.pecoraricloud.com.br\/~assufsmcom\/wp-content\/uploads\/2026\/04\/comando-local-.jpeg\" alt=\"\" width=\"1280\" height=\"720\" \/> <img loading=\"lazy\" decoding=\"async\" class=\"aligncenter size-full wp-image-34499\" src=\"https:\/\/cta.clst17.mxpr.email.pecoraricloud.com.br\/~assufsmcom\/wp-content\/uploads\/2026\/04\/comando-local-1.jpeg\" alt=\"\" width=\"1152\" height=\"648\" \/> <img loading=\"lazy\" decoding=\"async\" class=\"aligncenter size-full wp-image-34500\" src=\"https:\/\/cta.clst17.mxpr.email.pecoraricloud.com.br\/~assufsmcom\/wp-content\/uploads\/2026\/04\/comando-local-3.jpeg\" alt=\"\" width=\"1280\" height=\"720\" \/><\/p><\/span><\/span><\/span><\/span>\n","protected":false},"excerpt":{"rendered":"<p>Na manh\u00e3 desta quinta-feira (09), o Comando Local de Greve (CLG) realizou reuni\u00e3o no lon\u00e3o da greve, espa\u00e7o que tem concentrado diariamente as atividades de organiza\u00e7\u00e3o e mobiliza\u00e7\u00e3o da categoria durante o movimento paredista. Entre as delibera\u00e7\u00f5es aprovadas, foi a realiza\u00e7\u00e3o de uma reuni\u00e3o no Hospital Universit\u00e1rio de Santa Maria (HUSM), marcada para ter\u00e7a-feira (14), [&hellip;]<\/p>\n","protected":false},"author":4,"featured_media":29740,"comment_status":"open","ping_status":"open","sticky":false,"template":"","format":"standard","meta":{"footnotes":""},"categories":[249],"tags":[],"class_list":["post-29739","post","type-post","status-publish","format-standard","has-post-thumbnail","hentry","category-geralinformativoinicialinstitucionalnoticiaspublicacoes"],"_links":{"self":[{"href":"https:\/\/cta.clst17.mxpr.email.pecoraricloud.com.br\/~assufsmcom\/wp-json\/wp\/v2\/posts\/29739","targetHints":{"allow":["GET"]}}],"collection":[{"href":"https:\/\/cta.clst17.mxpr.email.pecoraricloud.com.br\/~assufsmcom\/wp-json\/wp\/v2\/posts"}],"about":[{"href":"https:\/\/cta.clst17.mxpr.email.pecoraricloud.com.br\/~assufsmcom\/wp-json\/wp\/v2\/types\/post"}],"author":[{"embeddable":true,"href":"https:\/\/cta.clst17.mxpr.email.pecoraricloud.com.br\/~assufsmcom\/wp-json\/wp\/v2\/users\/4"}],"replies":[{"embeddable":true,"href":"https:\/\/cta.clst17.mxpr.email.pecoraricloud.com.br\/~assufsmcom\/wp-json\/wp\/v2\/comments?post=29739"}],"version-history":[{"count":1,"href":"https:\/\/cta.clst17.mxpr.email.pecoraricloud.com.br\/~assufsmcom\/wp-json\/wp\/v2\/posts\/29739\/revisions"}],"predecessor-version":[{"id":29746,"href":"https:\/\/cta.clst17.mxpr.email.pecoraricloud.com.br\/~assufsmcom\/wp-json\/wp\/v2\/posts\/29739\/revisions\/29746"}],"wp:featuredmedia":[{"embeddable":true,"href":"https:\/\/cta.clst17.mxpr.email.pecoraricloud.com.br\/~assufsmcom\/wp-json\/wp\/v2\/media\/29740"}],"wp:attachment":[{"href":"https:\/\/cta.clst17.mxpr.email.pecoraricloud.com.br\/~assufsmcom\/wp-json\/wp\/v2\/media?parent=29739"}],"wp:term":[{"taxonomy":"category","embeddable":true,"href":"https:\/\/cta.clst17.mxpr.email.pecoraricloud.com.br\/~assufsmcom\/wp-json\/wp\/v2\/categories?post=29739"},{"taxonomy":"post_tag","embeddable":true,"href":"https:\/\/cta.clst17.mxpr.email.pecoraricloud.com.br\/~assufsmcom\/wp-json\/wp\/v2\/tags?post=29739"}],"curies":[{"name":"wp","href":"https:\/\/api.w.org\/{rel}","templated":true}]}}