{"id":29747,"date":"2026-04-10T14:45:49","date_gmt":"2026-04-10T17:45:49","guid":{"rendered":"https:\/\/cta.clst17.mxpr.email.pecoraricloud.com.br\/~assufsmcom\/2026\/04\/10\/delegadosas-da-assufsm-participam-da-2a-marcha-do-acampamento-terra-livre-em-brasilia\/"},"modified":"2026-04-30T16:14:28","modified_gmt":"2026-04-30T19:14:28","slug":"delegadosas-da-assufsm-participam-da-2a-marcha-do-acampamento-terra-livre-em-brasilia","status":"publish","type":"post","link":"https:\/\/cta.clst17.mxpr.email.pecoraricloud.com.br\/~assufsmcom\/2026\/04\/10\/delegadosas-da-assufsm-participam-da-2a-marcha-do-acampamento-terra-livre-em-brasilia\/","title":{"rendered":"Delegados(as) da Assufsm participam da 2\u00aa Marcha do Acampamento Terra Livre, em Bras\u00edlia"},"content":{"rendered":"\n<p><span dir=\"auto\" style=\"vertical-align: inherit;\"><span dir=\"auto\" style=\"vertical-align: inherit;\"><span dir=\"auto\" style=\"vertical-align: inherit;\"><span dir=\"auto\" style=\"vertical-align: inherit;\">Na tarde de ontem, 09 de abril, foi realizada a 2\u00aa Marcha do Acampamento Terra Livre (ATL), em Bras\u00edlia, na defesa dos direitos dos povos ind\u00edgenas. Intitulada de \u2018Demarca, Lula: Brasil Soberano \u00e9 terra ind\u00edgena demarcada e protegida\u201d, a marcha seguiu at\u00e9 a Pra\u00e7a dos Tr\u00eas Poderes em homenagem \u00e0s lideran\u00e7as ind\u00edgenas assassinadas e para cobrar do governo mais agilidade na demarca\u00e7\u00e3o de seus territ\u00f3rios.<\/p>\n\n\n\n<p>No ato, que reuniu povos ind\u00edgenas de todo o pa\u00eds, representantes da Assufsm e outros integrantes do Conselho Nacional de Greve (CNG) levaram faixas e cartazes em apoio \u00e0s reivindica\u00e7\u00f5es como a demarca\u00e7\u00e3o de terras, o cen\u00e1rio eleitoral e a formula\u00e7\u00e3o de pol\u00edticas p\u00fablicas. Nos quase 5km de caminhada, os(as) delegados(as) tamb\u00e9m conversaram com a lideran\u00e7a Kamaywha Tupinamb\u00e1 de Oliven\u00e7a que falou sobre a import\u00e2ncia da luta e da demarca\u00e7\u00e3o dos territ\u00f3rios, \u201cA terra \u00e9 vida para n\u00f3s e sem ela n\u00f3s morreremos\u201d.<\/p>\n\n\n\n<p>A Assufsm esteve representada pela delega\u00e7\u00e3o composta pelas TAES Carla Correa e\u00a0Loreci Batista, o coordenador de Esporte, Cultura e Lazer Paulo Quadrado e a coordenadora Jur\u00eddica e de Rela\u00e7\u00f5es de Trabalho Gl\u00e1ucia Tassinari.<\/p>\n\n\n\n<p>&nbsp;<\/p>\n\n\n\n<p><img fetchpriority=\"high\" decoding=\"async\" class=\"aligncenter size-full wp-image-34511\" src=\"https:\/\/cta.clst17.mxpr.email.pecoraricloud.com.br\/~assufsmcom\/wp-content\/uploads\/2026\/04\/acampamento-2.jpeg\" alt=\"\" width=\"1280\" height=\"960\" \/> <img decoding=\"async\" class=\"aligncenter size-full wp-image-34512\" src=\"https:\/\/cta.clst17.mxpr.email.pecoraricloud.com.br\/~assufsmcom\/wp-content\/uploads\/2026\/04\/acampamento-3.jpeg\" alt=\"\" width=\"960\" height=\"1280\" \/> <img decoding=\"async\" class=\"aligncenter size-full wp-image-34513\" src=\"https:\/\/cta.clst17.mxpr.email.pecoraricloud.com.br\/~assufsmcom\/wp-content\/uploads\/2026\/04\/acampamento-4.jpeg\" alt=\"\" width=\"1280\" height=\"960\" \/> <img loading=\"lazy\" decoding=\"async\" class=\"aligncenter size-full wp-image-34514\" src=\"https:\/\/cta.clst17.mxpr.email.pecoraricloud.com.br\/~assufsmcom\/wp-content\/uploads\/2026\/04\/acampamento-5.jpeg\" alt=\"\" width=\"1200\" height=\"1600\" \/> <img loading=\"lazy\" decoding=\"async\" class=\"aligncenter size-full wp-image-34515\" src=\"https:\/\/cta.clst17.mxpr.email.pecoraricloud.com.br\/~assufsmcom\/wp-content\/uploads\/2026\/04\/acampamento-6.jpeg\" alt=\"\" width=\"1200\" height=\"1600\" \/> <img loading=\"lazy\" decoding=\"async\" class=\"aligncenter size-full wp-image-34516\" src=\"https:\/\/cta.clst17.mxpr.email.pecoraricloud.com.br\/~assufsmcom\/wp-content\/uploads\/2026\/04\/acampamento-7.jpeg\" alt=\"\" width=\"1280\" height=\"960\" \/> <img loading=\"lazy\" decoding=\"async\" class=\"aligncenter size-full wp-image-34517\" src=\"https:\/\/cta.clst17.mxpr.email.pecoraricloud.com.br\/~assufsmcom\/wp-content\/uploads\/2026\/04\/acampamento-8.jpeg\" alt=\"\" width=\"1280\" height=\"960\" \/> <img loading=\"lazy\" decoding=\"async\" class=\"aligncenter size-full wp-image-34518\" src=\"https:\/\/cta.clst17.mxpr.email.pecoraricloud.com.br\/~assufsmcom\/wp-content\/uploads\/2026\/04\/acampamento.jpeg\" alt=\"\" width=\"1280\" height=\"960\" \/><\/span><\/span><\/span><\/span><\/p>\n","protected":false},"excerpt":{"rendered":"<p>Na tarde de ontem, 09 de abril, foi realizada a 2\u00aa Marcha do Acampamento Terra Livre (ATL), em Bras\u00edlia, na defesa dos direitos dos povos ind\u00edgenas. Intitulada de \u2018Demarca, Lula: Brasil Soberano \u00e9 terra ind\u00edgena demarcada e protegida\u201d, a marcha seguiu at\u00e9 a Pra\u00e7a dos Tr\u00eas Poderes em homenagem \u00e0s lideran\u00e7as ind\u00edgenas assassinadas e para [&hellip;]<\/p>\n","protected":false},"author":4,"featured_media":29748,"comment_status":"open","ping_status":"open","sticky":false,"template":"","format":"standard","meta":{"footnotes":""},"categories":[249],"tags":[],"class_list":["post-29747","post","type-post","status-publish","format-standard","has-post-thumbnail","hentry","category-geralinformativoinicialinstitucionalnoticiaspublicacoes"],"_links":{"self":[{"href":"https:\/\/cta.clst17.mxpr.email.pecoraricloud.com.br\/~assufsmcom\/wp-json\/wp\/v2\/posts\/29747","targetHints":{"allow":["GET"]}}],"collection":[{"href":"https:\/\/cta.clst17.mxpr.email.pecoraricloud.com.br\/~assufsmcom\/wp-json\/wp\/v2\/posts"}],"about":[{"href":"https:\/\/cta.clst17.mxpr.email.pecoraricloud.com.br\/~assufsmcom\/wp-json\/wp\/v2\/types\/post"}],"author":[{"embeddable":true,"href":"https:\/\/cta.clst17.mxpr.email.pecoraricloud.com.br\/~assufsmcom\/wp-json\/wp\/v2\/users\/4"}],"replies":[{"embeddable":true,"href":"https:\/\/cta.clst17.mxpr.email.pecoraricloud.com.br\/~assufsmcom\/wp-json\/wp\/v2\/comments?post=29747"}],"version-history":[{"count":1,"href":"https:\/\/cta.clst17.mxpr.email.pecoraricloud.com.br\/~assufsmcom\/wp-json\/wp\/v2\/posts\/29747\/revisions"}],"predecessor-version":[{"id":29756,"href":"https:\/\/cta.clst17.mxpr.email.pecoraricloud.com.br\/~assufsmcom\/wp-json\/wp\/v2\/posts\/29747\/revisions\/29756"}],"wp:featuredmedia":[{"embeddable":true,"href":"https:\/\/cta.clst17.mxpr.email.pecoraricloud.com.br\/~assufsmcom\/wp-json\/wp\/v2\/media\/29748"}],"wp:attachment":[{"href":"https:\/\/cta.clst17.mxpr.email.pecoraricloud.com.br\/~assufsmcom\/wp-json\/wp\/v2\/media?parent=29747"}],"wp:term":[{"taxonomy":"category","embeddable":true,"href":"https:\/\/cta.clst17.mxpr.email.pecoraricloud.com.br\/~assufsmcom\/wp-json\/wp\/v2\/categories?post=29747"},{"taxonomy":"post_tag","embeddable":true,"href":"https:\/\/cta.clst17.mxpr.email.pecoraricloud.com.br\/~assufsmcom\/wp-json\/wp\/v2\/tags?post=29747"}],"curies":[{"name":"wp","href":"https:\/\/api.w.org\/{rel}","templated":true}]}}