{"id":29759,"date":"2026-04-10T16:37:03","date_gmt":"2026-04-10T19:37:03","guid":{"rendered":"https:\/\/cta.clst17.mxpr.email.pecoraricloud.com.br\/~assufsmcom\/2026\/04\/10\/47o-dia-de-greve-clg-debate-comunicacao-denuncia-assedios-e-organiza-agenda-de-mobilizacoes\/"},"modified":"2026-04-30T16:14:43","modified_gmt":"2026-04-30T19:14:43","slug":"47o-dia-de-greve-clg-debate-comunicacao-denuncia-assedios-e-organiza-agenda-de-mobilizacoes","status":"publish","type":"post","link":"https:\/\/cta.clst17.mxpr.email.pecoraricloud.com.br\/~assufsmcom\/2026\/04\/10\/47o-dia-de-greve-clg-debate-comunicacao-denuncia-assedios-e-organiza-agenda-de-mobilizacoes\/","title":{"rendered":"47\u00ba dia de greve: CLG debate comunica\u00e7\u00e3o, denuncia ass\u00e9dios e organiza agenda de mobiliza\u00e7\u00f5es"},"content":{"rendered":"\n<span dir=\"auto\" style=\"vertical-align: inherit;\"><span dir=\"auto\" style=\"vertical-align: inherit;\"><span dir=\"auto\" style=\"vertical-align: inherit;\"><span dir=\"auto\" style=\"vertical-align: inherit;\"><p data-start=\"99\" data-end=\"454\">Na manh\u00e3 desta sexta-feira (10), o Comando Local de Greve (CLG) esteve reunido no lon\u00e3o da greve, marcando o 47\u00ba dia de paralisa\u00e7\u00e3o da categoria. O encontro foi dedicado, principalmente, ao debate de estrat\u00e9gias de comunica\u00e7\u00e3o, \u00e0 avalia\u00e7\u00e3o das visitas aos setores da Universidade e \u00e0 an\u00e1lise de situa\u00e7\u00f5es de ass\u00e9dio relatadas por trabalhadoras e trabalhadores.<\/p>\n<p data-start=\"456\" data-end=\"943\">Um dos pontos centrais da reuni\u00e3o foi a necessidade de fortalecer a comunica\u00e7\u00e3o estrat\u00e9gica da greve. O CLG discutiu formas de ampliar o di\u00e1logo com a comunidade acad\u00eamica, em especial com as(os) estudantes, buscando evitar a dissemina\u00e7\u00e3o de desinforma\u00e7\u00e3o e impedindo que a categoria discente seja colocada contra o movimento paredista. Entre as propostas, est\u00e3o o refor\u00e7o da presen\u00e7a nos setores, a produ\u00e7\u00e3o de materiais informativos e a intensifica\u00e7\u00e3o das conversas diretas com a base.<\/p>\n<p data-start=\"945\" data-end=\"1263\">Tamb\u00e9m foram relatados casos de ass\u00e9dio em alguns setores, envolvendo posturas de chefias diante da ades\u00e3o \u00e0 greve. O Comando destacou a import\u00e2ncia de denunciar essas pr\u00e1ticas, acolher as(os) colegas atingidos e construir estrat\u00e9gias coletivas de enfrentamento, reafirmando que o direito de greve deve ser respeitado.<\/p>\n<p data-start=\"1438\" data-end=\"1591\">Ao final da reuni\u00e3o, foi encaminhada a agenda de atividades da pr\u00f3xima semana, que contar\u00e1 com reuni\u00f5es, assembleia e atividades de debate e mobiliza\u00e7\u00e3o:<\/p>\n<p data-start=\"1593\" data-end=\"1628\"><strong data-start=\"1593\" data-end=\"1628\">  AGENDA DE GREVE (13 a 17\/04)<\/strong><\/p>\n<p data-start=\"1630\" data-end=\"1675\">\u27a1\ufe0f <strong data-start=\"1633\" data-end=\"1642\">13\/04<\/strong> &#8211; 9h &#8211; Reuni\u00e3o do CLG no lon\u00e3o<\/p>\n<p data-start=\"1677\" data-end=\"1825\">\u27a1\ufe0f <strong data-start=\"1680\" data-end=\"1689\">14\/04<\/strong> &#8211; 8h &#8211; Reuni\u00e3o no audit\u00f3rio Gulerpe do HUSM, com Superintend\u00eancia e chefias do Hospital<br data-start=\"1777\" data-end=\"1780\" \/>\u27a1\ufe0f <strong data-start=\"1783\" data-end=\"1792\">14\/04<\/strong> &#8211; 9h &#8211; Reuni\u00e3o do CLG no lon\u00e3o<\/p>\n<p data-start=\"1827\" data-end=\"1900\">\u27a1\ufe0f <strong data-start=\"1830\" data-end=\"1839\">15\/04<\/strong> &#8211; 9h &#8211; Assembleia de Greve &#8211; Audit\u00f3rio do CCSH, pr\u00e9dio 74C<\/p>\n<p data-start=\"1902\" data-end=\"2076\">\u27a1\ufe0f <strong data-start=\"1905\" data-end=\"1914\">16\/04<\/strong> &#8211; 9h &#8211; Roda de Conversa sobre o tema &#8220;Democratiza\u00e7\u00e3o&#8221;, com SEDUFSM e DCE &#8211; Audit\u00f3rio do CCSH, pr\u00e9dio 74C.\u00a0Ap\u00f3s a atividade, haver\u00e1 caminhada at\u00e9 a Reitoria<\/p>\n<p data-start=\"2078\" data-end=\"2123\">\u27a1\ufe0f <strong data-start=\"2081\" data-end=\"2090\">17\/04<\/strong> &#8211; 9h &#8211; Reuni\u00e3o do CLG no lon\u00e3o<\/p>\n<p data-start=\"2125\" data-end=\"2285\">A orienta\u00e7\u00e3o do Comando \u00e9 de que a categoria siga mobilizada e participe das atividades. A constru\u00e7\u00e3o coletiva da greve depende do engajamento de todas e todos.<\/p>\n<p data-start=\"2287\" data-end=\"2354\" data-is-last-node=\"\" data-is-only-node=\"\"><strong data-start=\"2287\" data-end=\"2354\" data-is-last-node=\"\">TAE, participe das discuss\u00f5es e fortale\u00e7a o movimento de greve!<\/strong><\/p>\n<p data-start=\"2287\" data-end=\"2354\" data-is-last-node=\"\" data-is-only-node=\"\"><img fetchpriority=\"high\" decoding=\"async\" class=\"aligncenter size-full wp-image-34530\" src=\"https:\/\/cta.clst17.mxpr.email.pecoraricloud.com.br\/~assufsmcom\/wp-content\/uploads\/2026\/04\/MG_26021-scaled-1.jpg\" alt=\"\" width=\"2560\" height=\"1707\" \/> <img decoding=\"async\" class=\"aligncenter size-full wp-image-34531\" src=\"https:\/\/cta.clst17.mxpr.email.pecoraricloud.com.br\/~assufsmcom\/wp-content\/uploads\/2026\/04\/MG_26031-scaled-1.jpg\" alt=\"\" width=\"2560\" height=\"1707\" \/> <img decoding=\"async\" class=\"aligncenter size-full wp-image-34532\" src=\"https:\/\/cta.clst17.mxpr.email.pecoraricloud.com.br\/~assufsmcom\/wp-content\/uploads\/2026\/04\/MG_26041-scaled-1.jpg\" alt=\"\" width=\"2560\" height=\"1707\" \/><\/p><\/span><\/span><\/span><\/span>\n","protected":false},"excerpt":{"rendered":"<p>Na manh\u00e3 desta sexta-feira (10), o Comando Local de Greve (CLG) esteve reunido no lon\u00e3o da greve, marcando o 47\u00ba dia de paralisa\u00e7\u00e3o da categoria. O encontro foi dedicado, principalmente, ao debate de estrat\u00e9gias de comunica\u00e7\u00e3o, \u00e0 avalia\u00e7\u00e3o das visitas aos setores da Universidade e \u00e0 an\u00e1lise de situa\u00e7\u00f5es de ass\u00e9dio relatadas por trabalhadoras e [&hellip;]<\/p>\n","protected":false},"author":4,"featured_media":29760,"comment_status":"open","ping_status":"open","sticky":false,"template":"","format":"standard","meta":{"footnotes":""},"categories":[249],"tags":[],"class_list":["post-29759","post","type-post","status-publish","format-standard","has-post-thumbnail","hentry","category-geralinformativoinicialinstitucionalnoticiaspublicacoes"],"_links":{"self":[{"href":"https:\/\/cta.clst17.mxpr.email.pecoraricloud.com.br\/~assufsmcom\/wp-json\/wp\/v2\/posts\/29759","targetHints":{"allow":["GET"]}}],"collection":[{"href":"https:\/\/cta.clst17.mxpr.email.pecoraricloud.com.br\/~assufsmcom\/wp-json\/wp\/v2\/posts"}],"about":[{"href":"https:\/\/cta.clst17.mxpr.email.pecoraricloud.com.br\/~assufsmcom\/wp-json\/wp\/v2\/types\/post"}],"author":[{"embeddable":true,"href":"https:\/\/cta.clst17.mxpr.email.pecoraricloud.com.br\/~assufsmcom\/wp-json\/wp\/v2\/users\/4"}],"replies":[{"embeddable":true,"href":"https:\/\/cta.clst17.mxpr.email.pecoraricloud.com.br\/~assufsmcom\/wp-json\/wp\/v2\/comments?post=29759"}],"version-history":[{"count":1,"href":"https:\/\/cta.clst17.mxpr.email.pecoraricloud.com.br\/~assufsmcom\/wp-json\/wp\/v2\/posts\/29759\/revisions"}],"predecessor-version":[{"id":29763,"href":"https:\/\/cta.clst17.mxpr.email.pecoraricloud.com.br\/~assufsmcom\/wp-json\/wp\/v2\/posts\/29759\/revisions\/29763"}],"wp:featuredmedia":[{"embeddable":true,"href":"https:\/\/cta.clst17.mxpr.email.pecoraricloud.com.br\/~assufsmcom\/wp-json\/wp\/v2\/media\/29760"}],"wp:attachment":[{"href":"https:\/\/cta.clst17.mxpr.email.pecoraricloud.com.br\/~assufsmcom\/wp-json\/wp\/v2\/media?parent=29759"}],"wp:term":[{"taxonomy":"category","embeddable":true,"href":"https:\/\/cta.clst17.mxpr.email.pecoraricloud.com.br\/~assufsmcom\/wp-json\/wp\/v2\/categories?post=29759"},{"taxonomy":"post_tag","embeddable":true,"href":"https:\/\/cta.clst17.mxpr.email.pecoraricloud.com.br\/~assufsmcom\/wp-json\/wp\/v2\/tags?post=29759"}],"curies":[{"name":"wp","href":"https:\/\/api.w.org\/{rel}","templated":true}]}}