{"id":29764,"date":"2026-04-10T16:22:30","date_gmt":"2026-04-10T19:22:30","guid":{"rendered":"https:\/\/cta.clst17.mxpr.email.pecoraricloud.com.br\/~assufsmcom\/2026\/04\/10\/confira-a-agenda-de-greve-para-a-semana-dos-dias-13-a-17-de-abril\/"},"modified":"2026-04-10T16:22:30","modified_gmt":"2026-04-10T19:22:30","slug":"confira-a-agenda-de-greve-para-a-semana-dos-dias-13-a-17-de-abril","status":"publish","type":"post","link":"https:\/\/cta.clst17.mxpr.email.pecoraricloud.com.br\/~assufsmcom\/2026\/04\/10\/confira-a-agenda-de-greve-para-a-semana-dos-dias-13-a-17-de-abril\/","title":{"rendered":"Confira a agenda de greve para a semana dos dias 13 a 17 de abril"},"content":{"rendered":"\n<span dir=\"auto\" style=\"vertical-align: inherit;\"><span dir=\"auto\" style=\"vertical-align: inherit;\"><span dir=\"auto\" style=\"vertical-align: inherit;\"><span dir=\"auto\" style=\"vertical-align: inherit;\"><div class=\"\" data-block=\"true\" data-editor=\"be6gb\" data-offset-key=\"89qku-0-0\">\n<div class=\"_1mf _1mj\" data-offset-key=\"89qku-0-0\"><span data-offset-key=\"89qku-0-0\">AGENDA DE GREVE DA SEMANA (13 a 17\/04)<\/span><\/div>\n<\/div>\n<div class=\"\" data-block=\"true\" data-editor=\"be6gb\" data-offset-key=\"91noc-0-0\">\n<div class=\"_1mf _1mj\" data-offset-key=\"91noc-0-0\"><span data-offset-key=\"91noc-0-0\">\u00a0<\/span><\/div>\n<\/div>\n<div class=\"\" data-block=\"true\" data-editor=\"be6gb\" data-offset-key=\"7j1mg-0-0\">\n<div class=\"_1mf _1mj\" data-offset-key=\"7j1mg-0-0\"><span data-offset-key=\"7j1mg-0-0\"><strong>\u27a1\ufe0f 13\/04<\/strong> &#8211; 9h &#8211; Reuni\u00e3o do CLG no lon\u00e3o <\/span><\/div>\n<\/div>\n<div class=\"\" data-block=\"true\" data-editor=\"be6gb\" data-offset-key=\"6ba32-0-0\">\n<div class=\"_1mf _1mj\" data-offset-key=\"6ba32-0-0\"><span data-offset-key=\"6ba32-0-0\">\u00a0<\/span><\/div>\n<\/div>\n<div class=\"\" data-block=\"true\" data-editor=\"be6gb\" data-offset-key=\"6nvfe-0-0\">\n<div class=\"_1mf _1mj\" data-offset-key=\"6nvfe-0-0\"><span data-offset-key=\"6nvfe-0-0\">\u27a1\ufe0f<strong> 14\/04<\/strong> &#8211; 8h &#8211; Reuni\u00e3o no audit\u00f3rio Gulerpe do HUSM, com Superintend\u00eancia e chefias do Hospital | 9h &#8211; Reuni\u00e3o do CLG no lon\u00e3o <\/span><\/div>\n<\/div>\n<div class=\"\" data-block=\"true\" data-editor=\"be6gb\" data-offset-key=\"b8abb-0-0\">\n<div class=\"_1mf _1mj\" data-offset-key=\"b8abb-0-0\"><span data-offset-key=\"b8abb-0-0\">\u00a0<\/span><\/div>\n<\/div>\n<div class=\"\" data-block=\"true\" data-editor=\"be6gb\" data-offset-key=\"4o7sv-0-0\">\n<div class=\"_1mf _1mj\" data-offset-key=\"4o7sv-0-0\"><span data-offset-key=\"4o7sv-0-0\">\u27a1\ufe0f<strong> 15\/04 &#8211;<\/strong> 9h &#8211; Assembleia de Greve &#8211; Audit\u00f3rio do CCSH, pr\u00e9dio 74C<\/span><\/div>\n<\/div>\n<div class=\"\" data-block=\"true\" data-editor=\"be6gb\" data-offset-key=\"2koob-0-0\">\n<div class=\"_1mf _1mj\" data-offset-key=\"2koob-0-0\"><span data-offset-key=\"2koob-0-0\">\u00a0<\/span><\/div>\n<\/div>\n<div class=\"\" data-block=\"true\" data-editor=\"be6gb\" data-offset-key=\"a5k15-0-0\">\n<div class=\"_1mf _1mj\" data-offset-key=\"a5k15-0-0\"><span data-offset-key=\"a5k15-0-0\">\u27a1\ufe0f<strong> 16\/04<\/strong> &#8211; 9h &#8211; Roda de Conversa sobre o tema &#8220;Democratiza\u00e7\u00e3o&#8221;, com SEDUFSM e DCE &#8211; Audit\u00f3rio do CCSH, pr\u00e9dio 74C; e, ap\u00f3s, caminhada at\u00e9 a Reitoria<\/span><\/div>\n<\/div>\n<div class=\"\" data-block=\"true\" data-editor=\"be6gb\" data-offset-key=\"ng38-0-0\">\n<div class=\"_1mf _1mj\" data-offset-key=\"ng38-0-0\"><span data-offset-key=\"ng38-0-0\">\u00a0<\/span><\/div>\n<\/div>\n<div class=\"\" data-block=\"true\" data-editor=\"be6gb\" data-offset-key=\"7ubv5-0-0\">\n<div class=\"_1mf _1mj\" data-offset-key=\"7ubv5-0-0\"><span data-offset-key=\"7ubv5-0-0\">\u27a1\ufe0f<strong> 17\/04 &#8211;<\/strong> 9h &#8211; Reuni\u00e3o do CLG no lon\u00e3o<\/span><\/div>\n<\/div>\n<div class=\"\" data-block=\"true\" data-editor=\"be6gb\" data-offset-key=\"3v0gu-0-0\">\n<div class=\"_1mf _1mj\" data-offset-key=\"3v0gu-0-0\"><span data-offset-key=\"3v0gu-0-0\">\u00a0<\/span><\/div>\n<\/div>\n<div class=\"\" data-block=\"true\" data-editor=\"be6gb\" data-offset-key=\"fov01-0-0\">\n<div class=\"_1mf _1mj\" data-offset-key=\"fov01-0-0\"><span data-offset-key=\"fov01-0-0\">TAE, participe das discuss\u00f5es e fortale\u00e7a o movimento de greve!<\/span><\/div>\n<\/div><\/span><\/span><\/span><\/span>\n","protected":false},"excerpt":{"rendered":"<p>AGENDA DE GREVE DA SEMANA (13 a 17\/04) \u00a0 \u27a1\ufe0f 13\/04 &#8211; 9h &#8211; Reuni\u00e3o do CLG no lon\u00e3o \u00a0 \u27a1\ufe0f 14\/04 &#8211; 8h &#8211; Reuni\u00e3o no audit\u00f3rio Gulerpe do HUSM, com Superintend\u00eancia e chefias do Hospital | 9h &#8211; Reuni\u00e3o do CLG no lon\u00e3o \u00a0 \u27a1\ufe0f 15\/04 &#8211; 9h &#8211; Assembleia de Greve &#8211; [&hellip;]<\/p>\n","protected":false},"author":4,"featured_media":29765,"comment_status":"open","ping_status":"open","sticky":false,"template":"","format":"standard","meta":{"footnotes":""},"categories":[249],"tags":[],"class_list":["post-29764","post","type-post","status-publish","format-standard","has-post-thumbnail","hentry","category-geralinformativoinicialinstitucionalnoticiaspublicacoes"],"_links":{"self":[{"href":"https:\/\/cta.clst17.mxpr.email.pecoraricloud.com.br\/~assufsmcom\/wp-json\/wp\/v2\/posts\/29764","targetHints":{"allow":["GET"]}}],"collection":[{"href":"https:\/\/cta.clst17.mxpr.email.pecoraricloud.com.br\/~assufsmcom\/wp-json\/wp\/v2\/posts"}],"about":[{"href":"https:\/\/cta.clst17.mxpr.email.pecoraricloud.com.br\/~assufsmcom\/wp-json\/wp\/v2\/types\/post"}],"author":[{"embeddable":true,"href":"https:\/\/cta.clst17.mxpr.email.pecoraricloud.com.br\/~assufsmcom\/wp-json\/wp\/v2\/users\/4"}],"replies":[{"embeddable":true,"href":"https:\/\/cta.clst17.mxpr.email.pecoraricloud.com.br\/~assufsmcom\/wp-json\/wp\/v2\/comments?post=29764"}],"version-history":[{"count":0,"href":"https:\/\/cta.clst17.mxpr.email.pecoraricloud.com.br\/~assufsmcom\/wp-json\/wp\/v2\/posts\/29764\/revisions"}],"wp:featuredmedia":[{"embeddable":true,"href":"https:\/\/cta.clst17.mxpr.email.pecoraricloud.com.br\/~assufsmcom\/wp-json\/wp\/v2\/media\/29765"}],"wp:attachment":[{"href":"https:\/\/cta.clst17.mxpr.email.pecoraricloud.com.br\/~assufsmcom\/wp-json\/wp\/v2\/media?parent=29764"}],"wp:term":[{"taxonomy":"category","embeddable":true,"href":"https:\/\/cta.clst17.mxpr.email.pecoraricloud.com.br\/~assufsmcom\/wp-json\/wp\/v2\/categories?post=29764"},{"taxonomy":"post_tag","embeddable":true,"href":"https:\/\/cta.clst17.mxpr.email.pecoraricloud.com.br\/~assufsmcom\/wp-json\/wp\/v2\/tags?post=29764"}],"curies":[{"name":"wp","href":"https:\/\/api.w.org\/{rel}","templated":true}]}}