{"id":29766,"date":"2026-04-13T10:50:41","date_gmt":"2026-04-13T13:50:41","guid":{"rendered":"https:\/\/cta.clst17.mxpr.email.pecoraricloud.com.br\/~assufsmcom\/2026\/04\/13\/assembleia-de-greve-acontece-nesta-quarta-feira-15\/"},"modified":"2026-04-13T10:50:41","modified_gmt":"2026-04-13T13:50:41","slug":"assembleia-de-greve-acontece-nesta-quarta-feira-15","status":"publish","type":"post","link":"https:\/\/cta.clst17.mxpr.email.pecoraricloud.com.br\/~assufsmcom\/2026\/04\/13\/assembleia-de-greve-acontece-nesta-quarta-feira-15\/","title":{"rendered":"Assembleia de Greve acontece nesta quarta-feira (15)"},"content":{"rendered":"\n<span dir=\"auto\" style=\"vertical-align: inherit;\"><span dir=\"auto\" style=\"vertical-align: inherit;\"><span dir=\"auto\" style=\"vertical-align: inherit;\"><span dir=\"auto\" style=\"vertical-align: inherit;\"><p data-start=\"51\" data-end=\"254\">A pr\u00f3xima Assembleia de Greve acontece na quarta-feira, dia 15 de abril, \u00e0s 9h, no Audit\u00f3rio Wilson Aita, no Centro de Tecnologia (CT).<\/p>\n<p data-start=\"256\" data-end=\"324\">  Em pauta: informes, avalia\u00e7\u00e3o do movimento e encaminhamentos.<\/p>\n<p data-start=\"496\" data-end=\"561\" data-is-last-node=\"\" data-is-only-node=\"\">\u270a  <strong data-start=\"500\" data-end=\"561\" data-is-last-node=\"\">Participe! A for\u00e7a da greve est\u00e1 na unidade da categoria.<\/strong><\/p><\/span><\/span><\/span><\/span>\n","protected":false},"excerpt":{"rendered":"<p>A pr\u00f3xima Assembleia de Greve acontece na quarta-feira, dia 15 de abril, \u00e0s 9h, no Audit\u00f3rio Wilson Aita, no Centro de Tecnologia (CT). Em pauta: informes, avalia\u00e7\u00e3o do movimento e encaminhamentos. \u270a Participe! A for\u00e7a da greve est\u00e1 na unidade da categoria.<\/p>\n","protected":false},"author":4,"featured_media":0,"comment_status":"open","ping_status":"open","sticky":false,"template":"","format":"standard","meta":{"footnotes":""},"categories":[251],"tags":[],"class_list":["post-29766","post","type-post","status-publish","format-standard","hentry","category-geralinicialinstitucionalnoticiaspublicacoes"],"_links":{"self":[{"href":"https:\/\/cta.clst17.mxpr.email.pecoraricloud.com.br\/~assufsmcom\/wp-json\/wp\/v2\/posts\/29766","targetHints":{"allow":["GET"]}}],"collection":[{"href":"https:\/\/cta.clst17.mxpr.email.pecoraricloud.com.br\/~assufsmcom\/wp-json\/wp\/v2\/posts"}],"about":[{"href":"https:\/\/cta.clst17.mxpr.email.pecoraricloud.com.br\/~assufsmcom\/wp-json\/wp\/v2\/types\/post"}],"author":[{"embeddable":true,"href":"https:\/\/cta.clst17.mxpr.email.pecoraricloud.com.br\/~assufsmcom\/wp-json\/wp\/v2\/users\/4"}],"replies":[{"embeddable":true,"href":"https:\/\/cta.clst17.mxpr.email.pecoraricloud.com.br\/~assufsmcom\/wp-json\/wp\/v2\/comments?post=29766"}],"version-history":[{"count":0,"href":"https:\/\/cta.clst17.mxpr.email.pecoraricloud.com.br\/~assufsmcom\/wp-json\/wp\/v2\/posts\/29766\/revisions"}],"wp:attachment":[{"href":"https:\/\/cta.clst17.mxpr.email.pecoraricloud.com.br\/~assufsmcom\/wp-json\/wp\/v2\/media?parent=29766"}],"wp:term":[{"taxonomy":"category","embeddable":true,"href":"https:\/\/cta.clst17.mxpr.email.pecoraricloud.com.br\/~assufsmcom\/wp-json\/wp\/v2\/categories?post=29766"},{"taxonomy":"post_tag","embeddable":true,"href":"https:\/\/cta.clst17.mxpr.email.pecoraricloud.com.br\/~assufsmcom\/wp-json\/wp\/v2\/tags?post=29766"}],"curies":[{"name":"wp","href":"https:\/\/api.w.org\/{rel}","templated":true}]}}