{"id":29767,"date":"2026-04-13T11:29:35","date_gmt":"2026-04-13T14:29:35","guid":{"rendered":"https:\/\/cta.clst17.mxpr.email.pecoraricloud.com.br\/~assufsmcom\/2026\/04\/13\/fasubra-convoca-categoria-tae-para-participar-da-3a-marcha-da-classe-trabalhadora-em-brasilia\/"},"modified":"2026-04-13T11:29:35","modified_gmt":"2026-04-13T14:29:35","slug":"fasubra-convoca-categoria-tae-para-participar-da-3a-marcha-da-classe-trabalhadora-em-brasilia","status":"publish","type":"post","link":"https:\/\/cta.clst17.mxpr.email.pecoraricloud.com.br\/~assufsmcom\/2026\/04\/13\/fasubra-convoca-categoria-tae-para-participar-da-3a-marcha-da-classe-trabalhadora-em-brasilia\/","title":{"rendered":"Fasubra convoca categoria TAE para participar da 3\u00aa Marcha da Classe Trabalhadora, em Bras\u00edlia"},"content":{"rendered":"\n<p><span dir=\"auto\" style=\"vertical-align: inherit;\"><span dir=\"auto\" style=\"vertical-align: inherit;\"><span dir=\"auto\" style=\"vertical-align: inherit;\"><span dir=\"auto\" style=\"vertical-align: inherit;\">O CNG\/FASUBRA convoca as trabalhadoras e trabalhadores t\u00e9cnico-administrativos em educa\u00e7\u00e3o (TAE) para a 3\u00aa Marcha da Classe Trabalhadora, que ser\u00e1 realizada no pr\u00f3ximo dia 15 de abril, em Bras\u00edlia.<\/p>\n\n\n\n<p>Organizada pelas centrais sindicais e movimentos sociais, a Marcha reunir\u00e1 milhares de trabalhadores e trabalhadoras de diversas categorias em um grande ato unificado em defesa dos direitos da classe trabalhadora e por avan\u00e7os nas condi\u00e7\u00f5es de trabalho.<br>Entre as principais reivindica\u00e7\u00f5es desta edi\u00e7\u00e3o, destacam-se:<\/p>\n\n\n\n<p><strong>&#8211; O fim da escala 6\u00d71;<\/strong><br><strong>&#8211; A redu\u00e7\u00e3o da jornada de trabalho sem redu\u00e7\u00e3o salarial;<\/strong><br><strong>&#8211; A valoriza\u00e7\u00e3o dos servi\u00e7os p\u00fablicos;<\/strong><br><strong>&#8211; A defesa dos direitos sociais e trabalhistas.<\/strong><\/p>\n\n\n\n<p>De acordo com a Fasubra, a participa\u00e7\u00e3o da categoria \u00e9 fundamental para fortalecer a luta coletiva e pressionar o governo pelo atendimento das reivindica\u00e7\u00f5es hist\u00f3ricas dos trabalhadores e trabalhadoras, incluindo o cumprimento integral dos acordos de greve e a valoriza\u00e7\u00e3o dos TAE.<\/p>\n\n\n\n<p>A Assufsm j\u00e1 est\u00e1 a caminho: a caravana saiu em dire\u00e7\u00e3o a Bras\u00edlia \u00e0 meia-noite desta segunda-feira, dia 13 de abril, refor\u00e7ando a presen\u00e7a da categoria na mobiliza\u00e7\u00e3o nacional.<\/span><\/span><\/span><\/span><\/p>\n","protected":false},"excerpt":{"rendered":"<p>O CNG\/FASUBRA convoca as trabalhadoras e trabalhadores t\u00e9cnico-administrativos em educa\u00e7\u00e3o (TAE) para a 3\u00aa Marcha da Classe Trabalhadora, que ser\u00e1 realizada no pr\u00f3ximo dia 15 de abril, em Bras\u00edlia. Organizada pelas centrais sindicais e movimentos sociais, a Marcha reunir\u00e1 milhares de trabalhadores e trabalhadoras de diversas categorias em um grande ato unificado em defesa dos [&hellip;]<\/p>\n","protected":false},"author":4,"featured_media":0,"comment_status":"open","ping_status":"open","sticky":false,"template":"","format":"standard","meta":{"footnotes":""},"categories":[249],"tags":[],"class_list":["post-29767","post","type-post","status-publish","format-standard","hentry","category-geralinformativoinicialinstitucionalnoticiaspublicacoes"],"_links":{"self":[{"href":"https:\/\/cta.clst17.mxpr.email.pecoraricloud.com.br\/~assufsmcom\/wp-json\/wp\/v2\/posts\/29767","targetHints":{"allow":["GET"]}}],"collection":[{"href":"https:\/\/cta.clst17.mxpr.email.pecoraricloud.com.br\/~assufsmcom\/wp-json\/wp\/v2\/posts"}],"about":[{"href":"https:\/\/cta.clst17.mxpr.email.pecoraricloud.com.br\/~assufsmcom\/wp-json\/wp\/v2\/types\/post"}],"author":[{"embeddable":true,"href":"https:\/\/cta.clst17.mxpr.email.pecoraricloud.com.br\/~assufsmcom\/wp-json\/wp\/v2\/users\/4"}],"replies":[{"embeddable":true,"href":"https:\/\/cta.clst17.mxpr.email.pecoraricloud.com.br\/~assufsmcom\/wp-json\/wp\/v2\/comments?post=29767"}],"version-history":[{"count":0,"href":"https:\/\/cta.clst17.mxpr.email.pecoraricloud.com.br\/~assufsmcom\/wp-json\/wp\/v2\/posts\/29767\/revisions"}],"wp:attachment":[{"href":"https:\/\/cta.clst17.mxpr.email.pecoraricloud.com.br\/~assufsmcom\/wp-json\/wp\/v2\/media?parent=29767"}],"wp:term":[{"taxonomy":"category","embeddable":true,"href":"https:\/\/cta.clst17.mxpr.email.pecoraricloud.com.br\/~assufsmcom\/wp-json\/wp\/v2\/categories?post=29767"},{"taxonomy":"post_tag","embeddable":true,"href":"https:\/\/cta.clst17.mxpr.email.pecoraricloud.com.br\/~assufsmcom\/wp-json\/wp\/v2\/tags?post=29767"}],"curies":[{"name":"wp","href":"https:\/\/api.w.org\/{rel}","templated":true}]}}