{"id":29770,"date":"2026-04-13T15:26:05","date_gmt":"2026-04-13T18:26:05","guid":{"rendered":"https:\/\/cta.clst17.mxpr.email.pecoraricloud.com.br\/~assufsmcom\/2026\/04\/13\/50o-dia-de-greve-clg-repassa-agenda-da-semana-atualiza-informes-sobre-o-rsc-e-fortalece-comunicacao-da-greve\/"},"modified":"2026-04-30T16:15:15","modified_gmt":"2026-04-30T19:15:15","slug":"50o-dia-de-greve-clg-repassa-agenda-da-semana-atualiza-informes-sobre-o-rsc-e-fortalece-comunicacao-da-greve","status":"publish","type":"post","link":"https:\/\/cta.clst17.mxpr.email.pecoraricloud.com.br\/~assufsmcom\/2026\/04\/13\/50o-dia-de-greve-clg-repassa-agenda-da-semana-atualiza-informes-sobre-o-rsc-e-fortalece-comunicacao-da-greve\/","title":{"rendered":"50\u00ba dia de greve: CLG repassa agenda da semana, atualiza informes sobre o RSC e fortalece comunica\u00e7\u00e3o da greve"},"content":{"rendered":"\n<span dir=\"auto\" style=\"vertical-align: inherit;\"><span dir=\"auto\" style=\"vertical-align: inherit;\"><span dir=\"auto\" style=\"vertical-align: inherit;\"><span dir=\"auto\" style=\"vertical-align: inherit;\"><p data-start=\"116\" data-end=\"351\">Na manh\u00e3 desta segunda-feira (13), o Comando Local de Greve (CLG) realizou reuni\u00e3o marcando o 50\u00ba dia da greve da categoria. O encontro foi dedicado ao repasse de informes e \u00e0 organiza\u00e7\u00e3o das atividades previstas para os pr\u00f3ximos dias.<\/p>\n<p data-start=\"353\" data-end=\"526\">Entre os principais pontos, foi apresentada a agenda da semana, com mobiliza\u00e7\u00f5es e a\u00e7\u00f5es, como a Assembleia de Greve e o debate em conjunto com a SEDUFSM e DCE sobre &#8220;Democratiza\u00e7\u00e3o&#8221;, que visam fortalecer o movimento e ampliar o di\u00e1logo com a comunidade universit\u00e1ria.<\/p>\nTamb\u00e9m foi repassada a agenda de uma reuni\u00e3o com o Hospital Universit\u00e1rio de Santa Maria (HUSM), prevista para a manh\u00e3 de ter\u00e7a-feira (14), que deve tratar de pautas espec\u00edficas relacionadas aos servidores(as) em greve no Hospital.\n<p data-start=\"528\" data-end=\"849\">Durante a reuni\u00e3o, a TAE Alessandra, integrante do Grupo de Trabalho do Reconhecimento de Saberes e Compet\u00eancias (RSC) na UFSM, trouxe atualiza\u00e7\u00f5es sobre o tema. Segundo ela, nas reuni\u00f5es realizadas foi apresentado o quantitativo de pessoas que poder\u00e3o ser beneficiadas pela medida, conforme a lei publicada recentemente. Ainda de acordo com o informe, segue indefinida a forma de organiza\u00e7\u00e3o da Comiss\u00e3o que ser\u00e1 respons\u00e1vel pela an\u00e1lise dos processos de RSC. No entanto, a Pr\u00f3-Reitoria de Gest\u00e3o de Pessoas (Progep) avalia que o funcionamento da Comiss\u00e3o deve ocorrer em um prazo de at\u00e9 30 dias ap\u00f3s a defini\u00e7\u00e3o e aprova\u00e7\u00e3o do regulamento.<\/p>\n<p data-start=\"1469\" data-end=\"1701\">Outro informe de destaque foi sobre a caravana da Assufsm rumo a Bras\u00edlia. A delega\u00e7\u00e3o j\u00e1 est\u00e1 a caminho: a sa\u00edda ocorreu \u00e0 meia-noite desta segunda-feira, refor\u00e7ando a presen\u00e7a da categoria na 3\u00aa Marcha da Classe Trabalhadora, que ser\u00e1 realizada no pr\u00f3ximo dia 15 de abril, em Bras\u00edlia.<\/p>\n<p data-start=\"1163\" data-end=\"1467\">Al\u00e9m disso, a Comiss\u00e3o de Comunica\u00e7\u00e3o da greve tamb\u00e9m se reuniu para tratar de assuntos relacionados \u00e0 divulga\u00e7\u00e3o. Foram discutidas estrat\u00e9gias para ampliar o alcance das informa\u00e7\u00f5es, fortalecer a presen\u00e7a nas redes e garantir que a categoria e a comunidade acad\u00eamica sigam atualizadas sobre o movimento.<\/p>\n<p data-start=\"1469\" data-end=\"1646\" data-is-last-node=\"\" data-is-only-node=\"\"><img fetchpriority=\"high\" decoding=\"async\" class=\"aligncenter size-full wp-image-34549\" src=\"https:\/\/cta.clst17.mxpr.email.pecoraricloud.com.br\/~assufsmcom\/wp-content\/uploads\/2026\/04\/MG_2611-scaled-1.jpg\" alt=\"\" width=\"2560\" height=\"1707\" \/> <img decoding=\"async\" class=\"aligncenter size-full wp-image-34550\" src=\"https:\/\/cta.clst17.mxpr.email.pecoraricloud.com.br\/~assufsmcom\/wp-content\/uploads\/2026\/04\/MG_2612-scaled-1.jpg\" alt=\"\" width=\"2560\" height=\"1707\" \/> <img decoding=\"async\" class=\"aligncenter size-full wp-image-34551\" src=\"https:\/\/cta.clst17.mxpr.email.pecoraricloud.com.br\/~assufsmcom\/wp-content\/uploads\/2026\/04\/MG_2614-scaled-1.jpg\" alt=\"\" width=\"2560\" height=\"1707\" \/> <img loading=\"lazy\" decoding=\"async\" class=\"aligncenter size-full wp-image-34552\" src=\"https:\/\/cta.clst17.mxpr.email.pecoraricloud.com.br\/~assufsmcom\/wp-content\/uploads\/2026\/04\/MG_2618-scaled-1.jpg\" alt=\"\" width=\"2560\" height=\"1707\" \/> <img loading=\"lazy\" decoding=\"async\" class=\"aligncenter size-full wp-image-34553\" src=\"https:\/\/cta.clst17.mxpr.email.pecoraricloud.com.br\/~assufsmcom\/wp-content\/uploads\/2026\/04\/MG_2620-scaled-1.jpg\" alt=\"\" width=\"2560\" height=\"1707\" \/> <img loading=\"lazy\" decoding=\"async\" class=\"aligncenter size-full wp-image-34554\" src=\"https:\/\/cta.clst17.mxpr.email.pecoraricloud.com.br\/~assufsmcom\/wp-content\/uploads\/2026\/04\/MG_2624-scaled-1.jpg\" alt=\"\" width=\"2560\" height=\"1707\" \/><\/p><\/span><\/span><\/span><\/span>\n","protected":false},"excerpt":{"rendered":"<p>Na manh\u00e3 desta segunda-feira (13), o Comando Local de Greve (CLG) realizou reuni\u00e3o marcando o 50\u00ba dia da greve da categoria. O encontro foi dedicado ao repasse de informes e \u00e0 organiza\u00e7\u00e3o das atividades previstas para os pr\u00f3ximos dias. Entre os principais pontos, foi apresentada a agenda da semana, com mobiliza\u00e7\u00f5es e a\u00e7\u00f5es, como a [&hellip;]<\/p>\n","protected":false},"author":4,"featured_media":29771,"comment_status":"open","ping_status":"open","sticky":false,"template":"","format":"standard","meta":{"footnotes":""},"categories":[249],"tags":[],"class_list":["post-29770","post","type-post","status-publish","format-standard","has-post-thumbnail","hentry","category-geralinformativoinicialinstitucionalnoticiaspublicacoes"],"_links":{"self":[{"href":"https:\/\/cta.clst17.mxpr.email.pecoraricloud.com.br\/~assufsmcom\/wp-json\/wp\/v2\/posts\/29770","targetHints":{"allow":["GET"]}}],"collection":[{"href":"https:\/\/cta.clst17.mxpr.email.pecoraricloud.com.br\/~assufsmcom\/wp-json\/wp\/v2\/posts"}],"about":[{"href":"https:\/\/cta.clst17.mxpr.email.pecoraricloud.com.br\/~assufsmcom\/wp-json\/wp\/v2\/types\/post"}],"author":[{"embeddable":true,"href":"https:\/\/cta.clst17.mxpr.email.pecoraricloud.com.br\/~assufsmcom\/wp-json\/wp\/v2\/users\/4"}],"replies":[{"embeddable":true,"href":"https:\/\/cta.clst17.mxpr.email.pecoraricloud.com.br\/~assufsmcom\/wp-json\/wp\/v2\/comments?post=29770"}],"version-history":[{"count":1,"href":"https:\/\/cta.clst17.mxpr.email.pecoraricloud.com.br\/~assufsmcom\/wp-json\/wp\/v2\/posts\/29770\/revisions"}],"predecessor-version":[{"id":29777,"href":"https:\/\/cta.clst17.mxpr.email.pecoraricloud.com.br\/~assufsmcom\/wp-json\/wp\/v2\/posts\/29770\/revisions\/29777"}],"wp:featuredmedia":[{"embeddable":true,"href":"https:\/\/cta.clst17.mxpr.email.pecoraricloud.com.br\/~assufsmcom\/wp-json\/wp\/v2\/media\/29771"}],"wp:attachment":[{"href":"https:\/\/cta.clst17.mxpr.email.pecoraricloud.com.br\/~assufsmcom\/wp-json\/wp\/v2\/media?parent=29770"}],"wp:term":[{"taxonomy":"category","embeddable":true,"href":"https:\/\/cta.clst17.mxpr.email.pecoraricloud.com.br\/~assufsmcom\/wp-json\/wp\/v2\/categories?post=29770"},{"taxonomy":"post_tag","embeddable":true,"href":"https:\/\/cta.clst17.mxpr.email.pecoraricloud.com.br\/~assufsmcom\/wp-json\/wp\/v2\/tags?post=29770"}],"curies":[{"name":"wp","href":"https:\/\/api.w.org\/{rel}","templated":true}]}}