{"id":29778,"date":"2026-04-14T10:51:13","date_gmt":"2026-04-14T13:51:13","guid":{"rendered":"https:\/\/cta.clst17.mxpr.email.pecoraricloud.com.br\/~assufsmcom\/2026\/04\/14\/ato-unificado-na-ufsm-debate-democratizacao-da-universidade-nesta-quinta-feira-16\/"},"modified":"2026-04-30T16:15:23","modified_gmt":"2026-04-30T19:15:23","slug":"ato-unificado-na-ufsm-debate-democratizacao-da-universidade-nesta-quinta-feira-16","status":"publish","type":"post","link":"https:\/\/cta.clst17.mxpr.email.pecoraricloud.com.br\/~assufsmcom\/2026\/04\/14\/ato-unificado-na-ufsm-debate-democratizacao-da-universidade-nesta-quinta-feira-16\/","title":{"rendered":"Ato unificado na UFSM debate democratiza\u00e7\u00e3o da universidade nesta quinta-feira (16)"},"content":{"rendered":"\n<p><span dir=\"auto\" style=\"vertical-align: inherit;\"><span dir=\"auto\" style=\"vertical-align: inherit;\"><span dir=\"auto\" style=\"vertical-align: inherit;\"><span dir=\"auto\" style=\"vertical-align: inherit;\">Os tr\u00eas segmentos da UFSM se re\u00fanem nesta quinta-feira, 16 de abril, em uma atividade conjunta que coloca em debate a democratiza\u00e7\u00e3o da universidade. A partir das 9h, no audit\u00f3rio do CCSH (pr\u00e9dio 74C), docentes, t\u00e9cnico-administrativos e estudantes participam de uma roda de conversa organizada por Sedufsm, Assufsm e DCE. A iniciativa ocorre em paralelo ao Ato Unificado da Educa\u00e7\u00e3o Federal, realizado no mesmo dia em Bras\u00edlia.<\/p>\n\n\n\n<p>Com o tema\u00a0<strong>\u201cDemocracia na UFSM: em que p\u00e9 estamos?\u201d<\/strong>, a proposta \u00e9 aprofundar o debate entre as categorias sobre quest\u00f5es estruturais da universidade. Entre os pontos em pauta est\u00e3o os processos eleitorais internos, o fim da lista tr\u00edplice, a representatividade nos conselhos superiores, o acesso \u00e0 universidade e os regimes de trabalho, incluindo discuss\u00f5es sobre flexibiliza\u00e7\u00e3o do regime de trabalho e fim da jornada 6&#215;1.<\/p>\n\n\n\n<p>A mobiliza\u00e7\u00e3o local est\u00e1 articulada \u00e0 manifesta\u00e7\u00e3o nacional convocada por entidades da educa\u00e7\u00e3o federal, como ANDES-SN, Fasubra e Sinasefe, em defesa do cumprimento dos acordos de greve firmados com o governo federal. Em Bras\u00edlia, o\u00a0<strong>Ato Unificado da Educa\u00e7\u00e3o Federal\u00a0<\/strong>do dia 16 ocorre a partir das 9h, em frente ao Minist\u00e9rio da Gest\u00e3o e da Inova\u00e7\u00e3o em Servi\u00e7os P\u00fablicos (MGI), reunindo servidores e servidoras federais.<\/p>\n\n\n\n<p><strong>Marcha da Classe Trabalhadora acontece na v\u00e9spera (15), em Bras\u00edlia<\/strong><\/p>\n\n\n\n<p>As mobiliza\u00e7\u00f5es nacionais come\u00e7am j\u00e1 na quarta-feira, 15 de abril, com a realiza\u00e7\u00e3o da Marcha da Classe Trabalhadora, em Bras\u00edlia. Convocada pelas centrais sindicais, a atividade reunir\u00e1 trabalhadores e trabalhadoras do setor p\u00fablico e privado de todo o pa\u00eds.<\/p>\n\n\n\n<p>A concentra\u00e7\u00e3o est\u00e1 marcada para \u00e0s 8h, em frente ao Teatro Nacional, e tem como objetivo pressionar o Congresso Nacional e o governo federal por avan\u00e7os nos direitos trabalhistas e melhorias nos servi\u00e7os p\u00fablicos. Entre as principais pautas est\u00e3o a redu\u00e7\u00e3o da jornada de trabalho sem redu\u00e7\u00e3o de sal\u00e1rio (fim da escala 6&#215;1), a regulamenta\u00e7\u00e3o do trabalho por aplicativos, a defesa dos servi\u00e7os p\u00fablicos e a regulamenta\u00e7\u00e3o da Conven\u00e7\u00e3o n\u00ba 151 da Organiza\u00e7\u00e3o Internacional do Trabalho (OIT), que trata do direito \u00e0 negocia\u00e7\u00e3o coletiva no setor p\u00fablico.<\/p>\n\n\n\n<p>Embora o Brasil tenha ratificado a Conven\u00e7\u00e3o n\u00ba 151 da OIT h\u00e1 16 anos (Decreto n\u00ba 7.944\/2013, respons\u00e1vel por assegurar o direito \u00e0 sindicaliza\u00e7\u00e3o e \u00e0 negocia\u00e7\u00e3o coletiva no setor p\u00fablico), sua regulamenta\u00e7\u00e3o ainda n\u00e3o foi efetivada. Na pr\u00e1tica, a aus\u00eancia de uma lei nacional limita seus efeitos e mant\u00e9m um cen\u00e1rio de inseguran\u00e7a jur\u00eddica nas negocia\u00e7\u00f5es coletivas, fragilizando os direitos das e dos servidores p\u00fablicos.<\/p>\n\n\n\n<p>A diretoria do ANDES-SN participar\u00e1 da marcha, assim como a Sedufsm, representada pelo diretor Jadir Lemos. Ainda no dia 15, tamb\u00e9m est\u00e1 previsto o lan\u00e7amento de uma plataforma unificada de reivindica\u00e7\u00f5es das centrais sindicais ao governo federal, al\u00e9m de atividades preparat\u00f3rias para o ato do dia 16.<\/p>\n\n\n\n<p><img fetchpriority=\"high\" decoding=\"async\" class=\"aligncenter size-full wp-image-34563\" src=\"https:\/\/cta.clst17.mxpr.email.pecoraricloud.com.br\/~assufsmcom\/wp-content\/uploads\/2026\/04\/card-democracia.jpeg\" alt=\"\" width=\"1280\" height=\"1600\" \/><br>Texto e imagem: Assessoria de Imprensa Sedufsm<\/span><\/span><\/span><\/span><\/p>\n","protected":false},"excerpt":{"rendered":"<p>Os tr\u00eas segmentos da UFSM se re\u00fanem nesta quinta-feira, 16 de abril, em uma atividade conjunta que coloca em debate a democratiza\u00e7\u00e3o da universidade. A partir das 9h, no audit\u00f3rio do CCSH (pr\u00e9dio 74C), docentes, t\u00e9cnico-administrativos e estudantes participam de uma roda de conversa organizada por Sedufsm, Assufsm e DCE. A iniciativa ocorre em paralelo [&hellip;]<\/p>\n","protected":false},"author":4,"featured_media":29779,"comment_status":"open","ping_status":"open","sticky":false,"template":"","format":"standard","meta":{"footnotes":""},"categories":[249],"tags":[],"class_list":["post-29778","post","type-post","status-publish","format-standard","has-post-thumbnail","hentry","category-geralinformativoinicialinstitucionalnoticiaspublicacoes"],"_links":{"self":[{"href":"https:\/\/cta.clst17.mxpr.email.pecoraricloud.com.br\/~assufsmcom\/wp-json\/wp\/v2\/posts\/29778","targetHints":{"allow":["GET"]}}],"collection":[{"href":"https:\/\/cta.clst17.mxpr.email.pecoraricloud.com.br\/~assufsmcom\/wp-json\/wp\/v2\/posts"}],"about":[{"href":"https:\/\/cta.clst17.mxpr.email.pecoraricloud.com.br\/~assufsmcom\/wp-json\/wp\/v2\/types\/post"}],"author":[{"embeddable":true,"href":"https:\/\/cta.clst17.mxpr.email.pecoraricloud.com.br\/~assufsmcom\/wp-json\/wp\/v2\/users\/4"}],"replies":[{"embeddable":true,"href":"https:\/\/cta.clst17.mxpr.email.pecoraricloud.com.br\/~assufsmcom\/wp-json\/wp\/v2\/comments?post=29778"}],"version-history":[{"count":1,"href":"https:\/\/cta.clst17.mxpr.email.pecoraricloud.com.br\/~assufsmcom\/wp-json\/wp\/v2\/posts\/29778\/revisions"}],"predecessor-version":[{"id":29780,"href":"https:\/\/cta.clst17.mxpr.email.pecoraricloud.com.br\/~assufsmcom\/wp-json\/wp\/v2\/posts\/29778\/revisions\/29780"}],"wp:featuredmedia":[{"embeddable":true,"href":"https:\/\/cta.clst17.mxpr.email.pecoraricloud.com.br\/~assufsmcom\/wp-json\/wp\/v2\/media\/29779"}],"wp:attachment":[{"href":"https:\/\/cta.clst17.mxpr.email.pecoraricloud.com.br\/~assufsmcom\/wp-json\/wp\/v2\/media?parent=29778"}],"wp:term":[{"taxonomy":"category","embeddable":true,"href":"https:\/\/cta.clst17.mxpr.email.pecoraricloud.com.br\/~assufsmcom\/wp-json\/wp\/v2\/categories?post=29778"},{"taxonomy":"post_tag","embeddable":true,"href":"https:\/\/cta.clst17.mxpr.email.pecoraricloud.com.br\/~assufsmcom\/wp-json\/wp\/v2\/tags?post=29778"}],"curies":[{"name":"wp","href":"https:\/\/api.w.org\/{rel}","templated":true}]}}