{"id":29798,"date":"2026-04-15T14:58:46","date_gmt":"2026-04-15T17:58:46","guid":{"rendered":"https:\/\/cta.clst17.mxpr.email.pecoraricloud.com.br\/~assufsmcom\/2026\/04\/15\/52o-dia-de-greve-assembleia-debate-conjuntura-repassa-informes-e-organiza-agenda-de-mobilizacao\/"},"modified":"2026-04-30T16:16:19","modified_gmt":"2026-04-30T19:16:19","slug":"52o-dia-de-greve-assembleia-debate-conjuntura-repassa-informes-e-organiza-agenda-de-mobilizacao","status":"publish","type":"post","link":"https:\/\/cta.clst17.mxpr.email.pecoraricloud.com.br\/~assufsmcom\/2026\/04\/15\/52o-dia-de-greve-assembleia-debate-conjuntura-repassa-informes-e-organiza-agenda-de-mobilizacao\/","title":{"rendered":"52\u00ba dia de greve: assembleia debate conjuntura, repassa informes e organiza agenda de mobiliza\u00e7\u00e3o"},"content":{"rendered":"\n<p><span dir=\"auto\" style=\"vertical-align: inherit;\"><span dir=\"auto\" style=\"vertical-align: inherit;\"><span dir=\"auto\" style=\"vertical-align: inherit;\"><span dir=\"auto\" style=\"vertical-align: inherit;\">Na manh\u00e3 desta quarta-feira (15), servidoras e servidores T\u00e9cnico-administrativos em Educa\u00e7\u00e3o da UFSM realizaram mais uma Assembleia de Greve, no audit\u00f3rio Wilson Aita, no Centro de Tecnologia. A atividade foi conduzida pela coordenadora geral da Assufsm, Gabriela Malaquias, e pelo coordenador de Secretaria, Joel Ramos.<\/p>\n\n\n\n<p>A Assembleia teve in\u00edcio com a leitura do Informe de Greve n\u00b0 6\/2026 da FASUBRA Sindical, trazendo informes nacionais e atualiza\u00e7\u00f5es sobre a mobiliza\u00e7\u00e3o da categoria em todo o pa\u00eds.<\/p>\n\n\n\n<p>Na sequ\u00eancia, foram repassados informes importantes, incluindo a reuni\u00e3o com o HUSM, o encontro da Comiss\u00e3o Nacional de Supervis\u00e3o da Carreira (CNSC) com o Comando Nacional de Greve (CNG), atualiza\u00e7\u00f5es sobre a caravana a Bras\u00edlia e a participa\u00e7\u00e3o na Marcha da Classe Trabalhadora. Tamb\u00e9m foram apresentados informes sobre os trabalhos da Comiss\u00e3o do Reconhecimento de Saberes e Compet\u00eancias (RSC) e da Comiss\u00e3o Interna de Supervis\u00e3o da Carreira (CIS).<\/p>\n\n\n\n<p>Durante a an\u00e1lise de conjuntura, a categoria debateu o cen\u00e1rio atual da greve, os desafios enfrentados e a import\u00e2ncia da manuten\u00e7\u00e3o da mobiliza\u00e7\u00e3o para avan\u00e7ar nas reivindica\u00e7\u00f5es.<\/p>\n\n\n\n<p>Entre os encaminhamentos aprovados, est\u00e3o o agendamento de uma reuni\u00e3o entre a CIS e o CLG, a participa\u00e7\u00e3o do Comando Local de Greve na reuni\u00e3o do Conselho do Centro de Artes e Letras (CAL), no dia 27 de abril, e a realiza\u00e7\u00e3o de uma Assembleia Tem\u00e1tica de greve no dia 29 de abril, que ir\u00e1 tratar de temas como racionaliza\u00e7\u00e3o e desvio de fun\u00e7\u00e3o.<\/p>\n\n\n\n<p>Ao final, foi refor\u00e7ada a convoca\u00e7\u00e3o para a atividade desta quinta-feira (16), que reunir\u00e1 os tr\u00eas segmentos da universidade em um importante debate sobre a democracia na UFSM. A partir das 9h, no audit\u00f3rio do CCSH (74C), docentes, t\u00e9cnico-administrativos e estudantes participam da roda de conversa \u201cDemocracia na UFSM: em que p\u00e9 estamos?\u201d, com pautas como o fim da lista tr\u00edplice, a representatividade nos conselhos, os processos eleitorais, o acesso \u00e0 universidade e os regimes de trabalho.<\/p>\n\n\n\n<p>Ap\u00f3s a atividade, haver\u00e1 caminhada at\u00e9 a Reitoria, fortalecendo a mobiliza\u00e7\u00e3o local. A iniciativa integra o Ato Unificado da Educa\u00e7\u00e3o Federal, que ocorre simultaneamente em Bras\u00edlia, reunindo servidoras e servidores de todo o pa\u00eds em defesa do cumprimento dos acordos de greve e pela valoriza\u00e7\u00e3o do servi\u00e7o p\u00fablico. TAE, participe!<\/p>\n\n\n\n<p><img fetchpriority=\"high\" decoding=\"async\" class=\"aligncenter size-full wp-image-34603\" src=\"https:\/\/cta.clst17.mxpr.email.pecoraricloud.com.br\/~assufsmcom\/wp-content\/uploads\/2026\/04\/MG_2671-scaled-1.jpg\" alt=\"\" width=\"2560\" height=\"1707\" \/> <img decoding=\"async\" class=\"aligncenter size-full wp-image-34602\" src=\"https:\/\/cta.clst17.mxpr.email.pecoraricloud.com.br\/~assufsmcom\/wp-content\/uploads\/2026\/04\/MG_2666-scaled-1.jpg\" alt=\"\" width=\"2560\" height=\"1707\" \/> <img decoding=\"async\" class=\"aligncenter size-full wp-image-34601\" src=\"https:\/\/cta.clst17.mxpr.email.pecoraricloud.com.br\/~assufsmcom\/wp-content\/uploads\/2026\/04\/MG_2664-scaled-1.jpg\" alt=\"\" width=\"2560\" height=\"1707\" \/> <img loading=\"lazy\" decoding=\"async\" class=\"aligncenter size-full wp-image-34600\" src=\"https:\/\/cta.clst17.mxpr.email.pecoraricloud.com.br\/~assufsmcom\/wp-content\/uploads\/2026\/04\/MG_2663-scaled-1.jpg\" alt=\"\" width=\"2560\" height=\"1707\" \/> <img loading=\"lazy\" decoding=\"async\" class=\"aligncenter size-full wp-image-34599\" src=\"https:\/\/cta.clst17.mxpr.email.pecoraricloud.com.br\/~assufsmcom\/wp-content\/uploads\/2026\/04\/MG_2660-scaled-1.jpg\" alt=\"\" width=\"2560\" height=\"1707\" \/> <img loading=\"lazy\" decoding=\"async\" class=\"aligncenter size-full wp-image-34598\" src=\"https:\/\/cta.clst17.mxpr.email.pecoraricloud.com.br\/~assufsmcom\/wp-content\/uploads\/2026\/04\/MG_2658-scaled-1.jpg\" alt=\"\" width=\"2560\" height=\"1707\" \/> <img loading=\"lazy\" decoding=\"async\" class=\"aligncenter size-full wp-image-34597\" src=\"https:\/\/cta.clst17.mxpr.email.pecoraricloud.com.br\/~assufsmcom\/wp-content\/uploads\/2026\/04\/MG_2657-scaled-1.jpg\" alt=\"\" width=\"2560\" height=\"1707\" \/> <img loading=\"lazy\" decoding=\"async\" class=\"aligncenter size-full wp-image-34596\" src=\"https:\/\/cta.clst17.mxpr.email.pecoraricloud.com.br\/~assufsmcom\/wp-content\/uploads\/2026\/04\/MG_2656-scaled-1.jpg\" alt=\"\" width=\"2560\" height=\"1707\" \/> <img loading=\"lazy\" decoding=\"async\" class=\"aligncenter size-full wp-image-34595\" src=\"https:\/\/cta.clst17.mxpr.email.pecoraricloud.com.br\/~assufsmcom\/wp-content\/uploads\/2026\/04\/MG_2655-scaled-1.jpg\" alt=\"\" width=\"2560\" height=\"1707\" \/> <img loading=\"lazy\" decoding=\"async\" class=\"aligncenter size-full wp-image-34604\" src=\"https:\/\/cta.clst17.mxpr.email.pecoraricloud.com.br\/~assufsmcom\/wp-content\/uploads\/2026\/04\/MG_2678-scaled-1.jpg\" alt=\"\" width=\"2560\" height=\"1707\" \/><\/span><\/span><\/span><\/span><\/p>\n","protected":false},"excerpt":{"rendered":"<p>Na manh\u00e3 desta quarta-feira (15), servidoras e servidores T\u00e9cnico-administrativos em Educa\u00e7\u00e3o da UFSM realizaram mais uma Assembleia de Greve, no audit\u00f3rio Wilson Aita, no Centro de Tecnologia. A atividade foi conduzida pela coordenadora geral da Assufsm, Gabriela Malaquias, e pelo coordenador de Secretaria, Joel Ramos. A Assembleia teve in\u00edcio com a leitura do Informe de [&hellip;]<\/p>\n","protected":false},"author":4,"featured_media":29799,"comment_status":"open","ping_status":"open","sticky":false,"template":"","format":"standard","meta":{"footnotes":""},"categories":[249],"tags":[],"class_list":["post-29798","post","type-post","status-publish","format-standard","has-post-thumbnail","hentry","category-geralinformativoinicialinstitucionalnoticiaspublicacoes"],"_links":{"self":[{"href":"https:\/\/cta.clst17.mxpr.email.pecoraricloud.com.br\/~assufsmcom\/wp-json\/wp\/v2\/posts\/29798","targetHints":{"allow":["GET"]}}],"collection":[{"href":"https:\/\/cta.clst17.mxpr.email.pecoraricloud.com.br\/~assufsmcom\/wp-json\/wp\/v2\/posts"}],"about":[{"href":"https:\/\/cta.clst17.mxpr.email.pecoraricloud.com.br\/~assufsmcom\/wp-json\/wp\/v2\/types\/post"}],"author":[{"embeddable":true,"href":"https:\/\/cta.clst17.mxpr.email.pecoraricloud.com.br\/~assufsmcom\/wp-json\/wp\/v2\/users\/4"}],"replies":[{"embeddable":true,"href":"https:\/\/cta.clst17.mxpr.email.pecoraricloud.com.br\/~assufsmcom\/wp-json\/wp\/v2\/comments?post=29798"}],"version-history":[{"count":1,"href":"https:\/\/cta.clst17.mxpr.email.pecoraricloud.com.br\/~assufsmcom\/wp-json\/wp\/v2\/posts\/29798\/revisions"}],"predecessor-version":[{"id":29809,"href":"https:\/\/cta.clst17.mxpr.email.pecoraricloud.com.br\/~assufsmcom\/wp-json\/wp\/v2\/posts\/29798\/revisions\/29809"}],"wp:featuredmedia":[{"embeddable":true,"href":"https:\/\/cta.clst17.mxpr.email.pecoraricloud.com.br\/~assufsmcom\/wp-json\/wp\/v2\/media\/29799"}],"wp:attachment":[{"href":"https:\/\/cta.clst17.mxpr.email.pecoraricloud.com.br\/~assufsmcom\/wp-json\/wp\/v2\/media?parent=29798"}],"wp:term":[{"taxonomy":"category","embeddable":true,"href":"https:\/\/cta.clst17.mxpr.email.pecoraricloud.com.br\/~assufsmcom\/wp-json\/wp\/v2\/categories?post=29798"},{"taxonomy":"post_tag","embeddable":true,"href":"https:\/\/cta.clst17.mxpr.email.pecoraricloud.com.br\/~assufsmcom\/wp-json\/wp\/v2\/tags?post=29798"}],"curies":[{"name":"wp","href":"https:\/\/api.w.org\/{rel}","templated":true}]}}