{"id":29810,"date":"2026-04-15T17:53:26","date_gmt":"2026-04-15T20:53:26","guid":{"rendered":"https:\/\/cta.clst17.mxpr.email.pecoraricloud.com.br\/~assufsmcom\/2026\/04\/15\/assufsm-participa-da-3a-marcha-da-classe-trabalhadora-em-brasilia\/"},"modified":"2026-04-30T16:16:39","modified_gmt":"2026-04-30T19:16:39","slug":"assufsm-participa-da-3a-marcha-da-classe-trabalhadora-em-brasilia","status":"publish","type":"post","link":"https:\/\/cta.clst17.mxpr.email.pecoraricloud.com.br\/~assufsmcom\/2026\/04\/15\/assufsm-participa-da-3a-marcha-da-classe-trabalhadora-em-brasilia\/","title":{"rendered":"ASSUFSM participa da 3\u00aa Marcha da Classe Trabalhadora, em Bras\u00edlia"},"content":{"rendered":"\n<p><span dir=\"auto\" style=\"vertical-align: inherit;\"><span dir=\"auto\" style=\"vertical-align: inherit;\"><span dir=\"auto\" style=\"vertical-align: inherit;\"><span dir=\"auto\" style=\"vertical-align: inherit;\">A delega\u00e7\u00e3o da ASSUFSM est\u00e1 participando da 3\u00aa Marcha da Classe Trabalhadora, que ocorre em Bras\u00edlia, nesta quarta-feira (15). A mobiliza\u00e7\u00e3o, organizada pelas centrais sindicais e movimentos sociais, re\u00fane milhares de trabalhadores e trabalhadoras de diversas categorias em um grande ato unificado em defesa dos direitos da classe trabalhadora e por melhores condi\u00e7\u00f5es de trabalho.<\/p>\n\n\n\n<p>A Marcha se consolida como um importante espa\u00e7o de press\u00e3o pol\u00edtica e social, levando \u00e0s ruas pautas hist\u00f3ricas do conjunto da classe trabalhadora. Entre as principais reivindica\u00e7\u00f5es desta edi\u00e7\u00e3o, destacam-se o fim da escala 6\u00d71, a redu\u00e7\u00e3o da jornada de trabalho sem redu\u00e7\u00e3o salarial, a valoriza\u00e7\u00e3o dos servi\u00e7os p\u00fablicos e a defesa dos direitos sociais e trabalhistas.<\/p>\n\n\n\n<p>A participa\u00e7\u00e3o da delega\u00e7\u00e3o da ASSUFSM tamb\u00e9m tem como objetivo fortalecer a cobran\u00e7a pelo cumprimento integral do Acordo de Greve de 2024 e pela valoriza\u00e7\u00e3o da categoria TAE.<\/p>\n\n\n\n<p>Ao final da Marcha, manifestantes se reuniram em frente ao Minist\u00e9rio da Gest\u00e3o e Inova\u00e7\u00e3o (MGI), para intensificar a press\u00e3o sobre o governo.<\/p>\n\n\n\n<p>Na quinta-feira (16), a delega\u00e7\u00e3o vai participar do Ato da Educa\u00e7\u00e3o Federal, proposto pela FASUBRA em conjunto com SINASEFE E ANDES-SN, em frente ao MGI.<\/p>\n\n\n\n<p>O retorno da caravana da ASSUFSM est\u00e1 previsto para o dia 17 de abril, ap\u00f3s a participa\u00e7\u00e3o nas atividades na capital federal.<\/p>\n\n\n\n<p><img fetchpriority=\"high\" decoding=\"async\" class=\"aligncenter size-full wp-image-34622\" src=\"https:\/\/cta.clst17.mxpr.email.pecoraricloud.com.br\/~assufsmcom\/wp-content\/uploads\/2026\/04\/2a605267-81e8-41fd-8c7b-0ee69dfaadc2.jpeg\" alt=\"\" width=\"1600\" height=\"902\" \/><\/p>\n\n\n\n<p><img decoding=\"async\" class=\"aligncenter size-full wp-image-34609\" src=\"https:\/\/cta.clst17.mxpr.email.pecoraricloud.com.br\/~assufsmcom\/wp-content\/uploads\/2026\/04\/WhatsApp-Image-2026-04-15-at-13.54.41-1.jpeg\" alt=\"\" width=\"1600\" height=\"902\" \/> <img decoding=\"async\" class=\"aligncenter size-full wp-image-34610\" src=\"https:\/\/cta.clst17.mxpr.email.pecoraricloud.com.br\/~assufsmcom\/wp-content\/uploads\/2026\/04\/WhatsApp-Image-2026-04-15-at-13.54.44.jpeg\" alt=\"\" width=\"721\" height=\"1280\" \/> <img loading=\"lazy\" decoding=\"async\" class=\"aligncenter size-full wp-image-34611\" src=\"https:\/\/cta.clst17.mxpr.email.pecoraricloud.com.br\/~assufsmcom\/wp-content\/uploads\/2026\/04\/WhatsApp-Image-2026-04-15-at-13.54.42.jpeg\" alt=\"\" width=\"902\" height=\"1600\" \/> <img loading=\"lazy\" decoding=\"async\" class=\"aligncenter size-full wp-image-34612\" src=\"https:\/\/cta.clst17.mxpr.email.pecoraricloud.com.br\/~assufsmcom\/wp-content\/uploads\/2026\/04\/WhatsApp-Image-2026-04-15-at-13.54.41.jpeg\" alt=\"\" width=\"1600\" height=\"902\" \/> <img loading=\"lazy\" decoding=\"async\" class=\"aligncenter size-full wp-image-34613\" src=\"https:\/\/cta.clst17.mxpr.email.pecoraricloud.com.br\/~assufsmcom\/wp-content\/uploads\/2026\/04\/WhatsApp-Image-2026-04-15-at-13.55.10.jpeg\" alt=\"\" width=\"1280\" height=\"721\" \/> <img loading=\"lazy\" decoding=\"async\" class=\"aligncenter size-full wp-image-34614\" src=\"https:\/\/cta.clst17.mxpr.email.pecoraricloud.com.br\/~assufsmcom\/wp-content\/uploads\/2026\/04\/WhatsApp-Image-2026-04-15-at-13.55.08-1.jpeg\" alt=\"\" width=\"721\" height=\"1280\" \/> <img loading=\"lazy\" decoding=\"async\" class=\"aligncenter size-full wp-image-34615\" src=\"https:\/\/cta.clst17.mxpr.email.pecoraricloud.com.br\/~assufsmcom\/wp-content\/uploads\/2026\/04\/WhatsApp-Image-2026-04-15-at-13.55.08.jpeg\" alt=\"\" width=\"1280\" height=\"721\" \/> <img loading=\"lazy\" decoding=\"async\" class=\"aligncenter size-full wp-image-34616\" src=\"https:\/\/cta.clst17.mxpr.email.pecoraricloud.com.br\/~assufsmcom\/wp-content\/uploads\/2026\/04\/WhatsApp-Image-2026-04-15-at-13.56.11-1.jpeg\" alt=\"\" width=\"902\" height=\"1600\" \/> <img loading=\"lazy\" decoding=\"async\" class=\"aligncenter size-full wp-image-34617\" src=\"https:\/\/cta.clst17.mxpr.email.pecoraricloud.com.br\/~assufsmcom\/wp-content\/uploads\/2026\/04\/WhatsApp-Image-2026-04-15-at-13.56.11.jpeg\" alt=\"\" width=\"902\" height=\"1600\" \/> <img loading=\"lazy\" decoding=\"async\" class=\"aligncenter size-full wp-image-34618\" src=\"https:\/\/cta.clst17.mxpr.email.pecoraricloud.com.br\/~assufsmcom\/wp-content\/uploads\/2026\/04\/WhatsApp-Image-2026-04-15-at-11.18.25.jpeg\" alt=\"\" width=\"960\" height=\"1280\" \/> <img loading=\"lazy\" decoding=\"async\" class=\"aligncenter size-full wp-image-34619\" src=\"https:\/\/cta.clst17.mxpr.email.pecoraricloud.com.br\/~assufsmcom\/wp-content\/uploads\/2026\/04\/WhatsApp-Image-2026-04-15-at-12.26.46-1.jpeg\" alt=\"\" width=\"1280\" height=\"960\" \/> <img loading=\"lazy\" decoding=\"async\" class=\"aligncenter size-full wp-image-34620\" src=\"https:\/\/cta.clst17.mxpr.email.pecoraricloud.com.br\/~assufsmcom\/wp-content\/uploads\/2026\/04\/WhatsApp-Image-2026-04-15-at-12.26.46.jpeg\" alt=\"\" width=\"1280\" height=\"960\" \/> <img loading=\"lazy\" decoding=\"async\" class=\"aligncenter size-full wp-image-34621\" src=\"https:\/\/cta.clst17.mxpr.email.pecoraricloud.com.br\/~assufsmcom\/wp-content\/uploads\/2026\/04\/WhatsApp-Image-2026-04-15-at-14.26.17.jpeg\" alt=\"\" width=\"1296\" height=\"972\" \/><\/span><\/span><\/span><\/span><\/p>\n","protected":false},"excerpt":{"rendered":"<p>A delega\u00e7\u00e3o da ASSUFSM est\u00e1 participando da 3\u00aa Marcha da Classe Trabalhadora, que ocorre em Bras\u00edlia, nesta quarta-feira (15). A mobiliza\u00e7\u00e3o, organizada pelas centrais sindicais e movimentos sociais, re\u00fane milhares de trabalhadores e trabalhadoras de diversas categorias em um grande ato unificado em defesa dos direitos da classe trabalhadora e por melhores condi\u00e7\u00f5es de trabalho. [&hellip;]<\/p>\n","protected":false},"author":4,"featured_media":29811,"comment_status":"open","ping_status":"open","sticky":false,"template":"","format":"standard","meta":{"footnotes":""},"categories":[249],"tags":[],"class_list":["post-29810","post","type-post","status-publish","format-standard","has-post-thumbnail","hentry","category-geralinformativoinicialinstitucionalnoticiaspublicacoes"],"_links":{"self":[{"href":"https:\/\/cta.clst17.mxpr.email.pecoraricloud.com.br\/~assufsmcom\/wp-json\/wp\/v2\/posts\/29810","targetHints":{"allow":["GET"]}}],"collection":[{"href":"https:\/\/cta.clst17.mxpr.email.pecoraricloud.com.br\/~assufsmcom\/wp-json\/wp\/v2\/posts"}],"about":[{"href":"https:\/\/cta.clst17.mxpr.email.pecoraricloud.com.br\/~assufsmcom\/wp-json\/wp\/v2\/types\/post"}],"author":[{"embeddable":true,"href":"https:\/\/cta.clst17.mxpr.email.pecoraricloud.com.br\/~assufsmcom\/wp-json\/wp\/v2\/users\/4"}],"replies":[{"embeddable":true,"href":"https:\/\/cta.clst17.mxpr.email.pecoraricloud.com.br\/~assufsmcom\/wp-json\/wp\/v2\/comments?post=29810"}],"version-history":[{"count":1,"href":"https:\/\/cta.clst17.mxpr.email.pecoraricloud.com.br\/~assufsmcom\/wp-json\/wp\/v2\/posts\/29810\/revisions"}],"predecessor-version":[{"id":29825,"href":"https:\/\/cta.clst17.mxpr.email.pecoraricloud.com.br\/~assufsmcom\/wp-json\/wp\/v2\/posts\/29810\/revisions\/29825"}],"wp:featuredmedia":[{"embeddable":true,"href":"https:\/\/cta.clst17.mxpr.email.pecoraricloud.com.br\/~assufsmcom\/wp-json\/wp\/v2\/media\/29811"}],"wp:attachment":[{"href":"https:\/\/cta.clst17.mxpr.email.pecoraricloud.com.br\/~assufsmcom\/wp-json\/wp\/v2\/media?parent=29810"}],"wp:term":[{"taxonomy":"category","embeddable":true,"href":"https:\/\/cta.clst17.mxpr.email.pecoraricloud.com.br\/~assufsmcom\/wp-json\/wp\/v2\/categories?post=29810"},{"taxonomy":"post_tag","embeddable":true,"href":"https:\/\/cta.clst17.mxpr.email.pecoraricloud.com.br\/~assufsmcom\/wp-json\/wp\/v2\/tags?post=29810"}],"curies":[{"name":"wp","href":"https:\/\/api.w.org\/{rel}","templated":true}]}}