{"id":29830,"date":"2026-04-16T13:35:37","date_gmt":"2026-04-16T16:35:37","guid":{"rendered":"https:\/\/cta.clst17.mxpr.email.pecoraricloud.com.br\/~assufsmcom\/2026\/04\/16\/assufsm-tem-feriado-estendido-na-proxima-segunda-e-terca-20-e-21-de-abril\/"},"modified":"2026-04-16T13:35:37","modified_gmt":"2026-04-16T16:35:37","slug":"assufsm-tem-feriado-estendido-na-proxima-segunda-e-terca-20-e-21-de-abril","status":"publish","type":"post","link":"https:\/\/cta.clst17.mxpr.email.pecoraricloud.com.br\/~assufsmcom\/2026\/04\/16\/assufsm-tem-feriado-estendido-na-proxima-segunda-e-terca-20-e-21-de-abril\/","title":{"rendered":"Assufsm tem feriado estendido na pr\u00f3xima segunda e ter\u00e7a, 20 e 21 de abril"},"content":{"rendered":"\n<span dir=\"auto\" style=\"vertical-align: inherit;\"><span dir=\"auto\" style=\"vertical-align: inherit;\"><span dir=\"auto\" style=\"vertical-align: inherit;\"><span dir=\"auto\" style=\"vertical-align: inherit;\"><div class=\"\" data-block=\"true\" data-editor=\"22tm2\" data-offset-key=\"fm6l2-0-0\">\n<div class=\"_1mf _1mj\" data-offset-key=\"fm6l2-0-0\"><span data-offset-key=\"fm6l2-0-0\">  ATEN\u00c7\u00c3O, TAE<\/span><\/div>\n<\/div>\n<div class=\"\" data-block=\"true\" data-editor=\"22tm2\" data-offset-key=\"egmf1-0-0\">\n<div class=\"_1mf _1mj\" data-offset-key=\"egmf1-0-0\"><span data-offset-key=\"egmf1-0-0\">\u00a0<\/span><\/div>\n<\/div>\n<div class=\"\" data-block=\"true\" data-editor=\"22tm2\" data-offset-key=\"f388i-0-0\">\n<div class=\"_1mf _1mj\" data-offset-key=\"f388i-0-0\"><span data-offset-key=\"f388i-0-0\">  <strong>Nos dias 20 e 21 de abril, segunda e ter\u00e7a-feira, n\u00e3o haver\u00e1 atendimento na Assufsm devido ao feriado prolongado do Dia de Tiradentes (21), conforme calend\u00e1rio acad\u00eamico da UFSM. <\/strong><\/span><\/div>\n<\/div>\n<div class=\"\" data-block=\"true\" data-editor=\"22tm2\" data-offset-key=\"bk19m-0-0\">\n<div class=\"_1mf _1mj\" data-offset-key=\"bk19m-0-0\"><span data-offset-key=\"bk19m-0-0\">\u00a0<\/span><\/div>\n<\/div>\n<div class=\"\" data-block=\"true\" data-editor=\"22tm2\" data-offset-key=\"8g1kd-0-0\">\n<div class=\"_1mf _1mj\" data-offset-key=\"8g1kd-0-0\"><span data-offset-key=\"8g1kd-0-0\">  Na quarta-feira, 22 de abril, o expediente retorna normalmente, das 7h \u00e0s 11h30min e das 12h30min \u00e0s 16h.<\/span><\/div>\n<\/div>\n<div class=\"\" data-block=\"true\" data-editor=\"22tm2\" data-offset-key=\"4167u-0-0\">\n<div class=\"_1mf _1mj\" data-offset-key=\"4167u-0-0\"><span data-offset-key=\"4167u-0-0\">\u00a0<\/span><\/div>\n<\/div>\n<div class=\"\" data-block=\"true\" data-editor=\"22tm2\" data-offset-key=\"43tch-0-0\">\n<div class=\"_1mf _1mj\" data-offset-key=\"43tch-0-0\"><span data-offset-key=\"43tch-0-0\">Agradecemos a sua compreens\u00e3o, TAE!<\/span><\/div>\n<\/div>\n<div class=\"\" data-block=\"true\" data-editor=\"22tm2\" data-offset-key=\"ak9an-0-0\"><\/div><\/span><\/span><\/span><\/span>\n","protected":false},"excerpt":{"rendered":"<p>ATEN\u00c7\u00c3O, TAE \u00a0 Nos dias 20 e 21 de abril, segunda e ter\u00e7a-feira, n\u00e3o haver\u00e1 atendimento na Assufsm devido ao feriado prolongado do Dia de Tiradentes (21), conforme calend\u00e1rio acad\u00eamico da UFSM. \u00a0 Na quarta-feira, 22 de abril, o expediente retorna normalmente, das 7h \u00e0s 11h30min e das 12h30min \u00e0s 16h. \u00a0 Agradecemos a sua [&hellip;]<\/p>\n","protected":false},"author":4,"featured_media":29831,"comment_status":"open","ping_status":"open","sticky":false,"template":"","format":"standard","meta":{"footnotes":""},"categories":[249],"tags":[],"class_list":["post-29830","post","type-post","status-publish","format-standard","has-post-thumbnail","hentry","category-geralinformativoinicialinstitucionalnoticiaspublicacoes"],"_links":{"self":[{"href":"https:\/\/cta.clst17.mxpr.email.pecoraricloud.com.br\/~assufsmcom\/wp-json\/wp\/v2\/posts\/29830","targetHints":{"allow":["GET"]}}],"collection":[{"href":"https:\/\/cta.clst17.mxpr.email.pecoraricloud.com.br\/~assufsmcom\/wp-json\/wp\/v2\/posts"}],"about":[{"href":"https:\/\/cta.clst17.mxpr.email.pecoraricloud.com.br\/~assufsmcom\/wp-json\/wp\/v2\/types\/post"}],"author":[{"embeddable":true,"href":"https:\/\/cta.clst17.mxpr.email.pecoraricloud.com.br\/~assufsmcom\/wp-json\/wp\/v2\/users\/4"}],"replies":[{"embeddable":true,"href":"https:\/\/cta.clst17.mxpr.email.pecoraricloud.com.br\/~assufsmcom\/wp-json\/wp\/v2\/comments?post=29830"}],"version-history":[{"count":0,"href":"https:\/\/cta.clst17.mxpr.email.pecoraricloud.com.br\/~assufsmcom\/wp-json\/wp\/v2\/posts\/29830\/revisions"}],"wp:featuredmedia":[{"embeddable":true,"href":"https:\/\/cta.clst17.mxpr.email.pecoraricloud.com.br\/~assufsmcom\/wp-json\/wp\/v2\/media\/29831"}],"wp:attachment":[{"href":"https:\/\/cta.clst17.mxpr.email.pecoraricloud.com.br\/~assufsmcom\/wp-json\/wp\/v2\/media?parent=29830"}],"wp:term":[{"taxonomy":"category","embeddable":true,"href":"https:\/\/cta.clst17.mxpr.email.pecoraricloud.com.br\/~assufsmcom\/wp-json\/wp\/v2\/categories?post=29830"},{"taxonomy":"post_tag","embeddable":true,"href":"https:\/\/cta.clst17.mxpr.email.pecoraricloud.com.br\/~assufsmcom\/wp-json\/wp\/v2\/tags?post=29830"}],"curies":[{"name":"wp","href":"https:\/\/api.w.org\/{rel}","templated":true}]}}