{"id":29834,"date":"2026-04-19T07:00:41","date_gmt":"2026-04-19T10:00:41","guid":{"rendered":"https:\/\/cta.clst17.mxpr.email.pecoraricloud.com.br\/~assufsmcom\/2026\/04\/19\/19-de-abril-dia-dos-povos-indigenas-4\/"},"modified":"2026-04-19T07:00:41","modified_gmt":"2026-04-19T10:00:41","slug":"19-de-abril-dia-dos-povos-indigenas-4","status":"publish","type":"post","link":"https:\/\/cta.clst17.mxpr.email.pecoraricloud.com.br\/~assufsmcom\/2026\/04\/19\/19-de-abril-dia-dos-povos-indigenas-4\/","title":{"rendered":"19 de abril &#8211; Dia dos Povos Ind\u00edgenas"},"content":{"rendered":"\n<span dir=\"auto\" style=\"vertical-align: inherit;\"><span dir=\"auto\" style=\"vertical-align: inherit;\"><span dir=\"auto\" style=\"vertical-align: inherit;\"><span dir=\"auto\" style=\"vertical-align: inherit;\">Institu\u00eddo em 1943 (decreto-lei 5.540) e renomeado em 2022 (Lei 14.402), o dia 19 de abril celebra a diversidade de culturas e fomenta a luta pelos direitos ind\u00edgenas. A data foi inspirada no Primeiro Congresso Indigenista Interamericano, ocorrido em 19 de abril de 1940.\n<p data-path-to-node=\"4\">Mais do que uma data comemorativa, este \u00e9 um dia de reflex\u00e3o sobre a presen\u00e7a, a hist\u00f3ria e a luta cont\u00ednua dos povos origin\u00e1rios em nosso pa\u00eds e, especificamente, em nossa universidade.<\/p>\n<p data-path-to-node=\"5\">Acreditamos que uma universidade p\u00fablica de qualidade s\u00f3 \u00e9 verdadeiramente democr\u00e1tica se for inclusiva. Apoiar a causa ind\u00edgena \u00e9:<\/p>\n<p data-path-to-node=\"6,0,0\">\u2705 Defender a perman\u00eancia estudantil de alunos(as) ind\u00edgenas;<\/p>\n<p data-path-to-node=\"6,1,0\">\u2705 Valorizar os saberes ancestrais dentro da academia;<\/p>\n<p data-path-to-node=\"6,2,0\">\u2705 Lutar pela demarca\u00e7\u00e3o de terras e pelo respeito aos direitos fundamentais.<\/p>\n<p data-path-to-node=\"8\">Todo apoio \u00e0 luta ind\u00edgena! Ontem, hoje e sempre.<\/p><\/span><\/span><\/span><\/span>\n","protected":false},"excerpt":{"rendered":"<p>Institu\u00eddo em 1943 (decreto-lei 5.540) e renomeado em 2022 (Lei 14.402), o dia 19 de abril celebra a diversidade de culturas e fomenta a luta pelos direitos ind\u00edgenas. A data foi inspirada no Primeiro Congresso Indigenista Interamericano, ocorrido em 19 de abril de 1940. Mais do que uma data comemorativa, este \u00e9 um dia de [&hellip;]<\/p>\n","protected":false},"author":4,"featured_media":29835,"comment_status":"open","ping_status":"open","sticky":false,"template":"","format":"standard","meta":{"footnotes":""},"categories":[249],"tags":[],"class_list":["post-29834","post","type-post","status-publish","format-standard","has-post-thumbnail","hentry","category-geralinformativoinicialinstitucionalnoticiaspublicacoes"],"_links":{"self":[{"href":"https:\/\/cta.clst17.mxpr.email.pecoraricloud.com.br\/~assufsmcom\/wp-json\/wp\/v2\/posts\/29834","targetHints":{"allow":["GET"]}}],"collection":[{"href":"https:\/\/cta.clst17.mxpr.email.pecoraricloud.com.br\/~assufsmcom\/wp-json\/wp\/v2\/posts"}],"about":[{"href":"https:\/\/cta.clst17.mxpr.email.pecoraricloud.com.br\/~assufsmcom\/wp-json\/wp\/v2\/types\/post"}],"author":[{"embeddable":true,"href":"https:\/\/cta.clst17.mxpr.email.pecoraricloud.com.br\/~assufsmcom\/wp-json\/wp\/v2\/users\/4"}],"replies":[{"embeddable":true,"href":"https:\/\/cta.clst17.mxpr.email.pecoraricloud.com.br\/~assufsmcom\/wp-json\/wp\/v2\/comments?post=29834"}],"version-history":[{"count":0,"href":"https:\/\/cta.clst17.mxpr.email.pecoraricloud.com.br\/~assufsmcom\/wp-json\/wp\/v2\/posts\/29834\/revisions"}],"wp:featuredmedia":[{"embeddable":true,"href":"https:\/\/cta.clst17.mxpr.email.pecoraricloud.com.br\/~assufsmcom\/wp-json\/wp\/v2\/media\/29835"}],"wp:attachment":[{"href":"https:\/\/cta.clst17.mxpr.email.pecoraricloud.com.br\/~assufsmcom\/wp-json\/wp\/v2\/media?parent=29834"}],"wp:term":[{"taxonomy":"category","embeddable":true,"href":"https:\/\/cta.clst17.mxpr.email.pecoraricloud.com.br\/~assufsmcom\/wp-json\/wp\/v2\/categories?post=29834"},{"taxonomy":"post_tag","embeddable":true,"href":"https:\/\/cta.clst17.mxpr.email.pecoraricloud.com.br\/~assufsmcom\/wp-json\/wp\/v2\/tags?post=29834"}],"curies":[{"name":"wp","href":"https:\/\/api.w.org\/{rel}","templated":true}]}}