{"id":29857,"date":"2026-04-17T14:58:48","date_gmt":"2026-04-17T17:58:48","guid":{"rendered":"https:\/\/cta.clst17.mxpr.email.pecoraricloud.com.br\/~assufsmcom\/2026\/04\/17\/54o-dia-de-greve-clg-reune-se-para-definir-agenda-de-lutas-e-passar-informes-locais-e-nacionais\/"},"modified":"2026-04-17T14:58:48","modified_gmt":"2026-04-17T17:58:48","slug":"54o-dia-de-greve-clg-reune-se-para-definir-agenda-de-lutas-e-passar-informes-locais-e-nacionais","status":"publish","type":"post","link":"https:\/\/cta.clst17.mxpr.email.pecoraricloud.com.br\/~assufsmcom\/2026\/04\/17\/54o-dia-de-greve-clg-reune-se-para-definir-agenda-de-lutas-e-passar-informes-locais-e-nacionais\/","title":{"rendered":"54\u00ba dia de greve: CLG re\u00fane-se para definir agenda de lutas e passar informes locais e nacionais"},"content":{"rendered":"\n<p><span dir=\"auto\" style=\"vertical-align: inherit;\"><span dir=\"auto\" style=\"vertical-align: inherit;\"><span dir=\"auto\" style=\"vertical-align: inherit;\"><span dir=\"auto\" style=\"vertical-align: inherit;\">Na manh\u00e3 dessa sexta-feira (17), o Comando Local de Greve esteve reunido no lon\u00e3o, em frente ao INPE, onde debateu a agenda de greve de 22 a 24 de abril, bem como passou informes locais e nacionais.<\/p>\n\n\n\n<p>Dentre os informes, relatou-se sobre a roda de conversa que ocorreu na manh\u00e3 de quinta (16), no Audit\u00f3rio do Pr\u00e9dio 74C, em conjunto com a Sedufsm, Sinasefe e Assufsm, onde debateu-se sobre a democracia na UFSM. Como encaminhamento da reuni\u00e3o, ficou indicada a reabertura do f\u00f3rum de debates sobre educa\u00e7\u00e3o em Santa Maria, articulando diferentes segmentos e institui\u00e7\u00f5es de dentro e de fora da UFSM, com o objetivo de aprofundar a discuss\u00e3o sobre a democratiza\u00e7\u00e3o nas institui\u00e7\u00f5es federais de ensino superior e fortalecer a constru\u00e7\u00e3o coletiva de propostas para a \u00e1rea. Voc\u00ea pode ler o texto da atividade, na integra, <a href=\"https:\/\/assufsm.com.br\/53o-dia-de-greve-roda-de-conversa-debate-sobre-democratizacao-na-ufsm\/\"><strong>clicando aqui<\/strong><\/a>.<\/p>\n\n\n\n<p>Tamb\u00e9m foi repassado o informe da reuni\u00e3o do GT RSC, da UFSM, que ocorreu na tarde de quinta (16), com a PROGEP, onde n\u00e3o se avan\u00e7ou muito no debate, visto que a regulamenta\u00e7\u00e3o foi encaminhada oficialmente ao Minist\u00e9rio da Gest\u00e3o e Inova\u00e7\u00e3o (MGI) na tarde de ontem (16). Com esse informe, o GT RSC da UFSM, chamou uma reuni\u00e3o para a tarde dessa sexta-feira (17), \u00e0s 14h.<\/p>\n\n\n\n<p>Ficou encaminhada tamb\u00e9m sobre os hor\u00e1rios das Assembleias de greve: de manh\u00e3, come\u00e7ar\u00e1 \u00e0s 9h e de tarde, ser\u00e1 \u00e0s 14h. Por fim, a agenda de greve foi encaminhada da seguinte forma:<\/p>\n\n\n\n<p><strong>22\/04<\/strong> &#8211; 9h &#8211; reuni\u00e3o CLG no lon\u00e3o | 14h &#8211; Assembleia de Greve Tem\u00e1tica &#8211; Audit\u00f3rio INPE (CT)<br><strong>23\/04<\/strong> &#8211; 9h &#8211; reuni\u00e3o CLG no lon\u00e3o | 14h &#8211; constru\u00e7\u00e3o da linha do tempo da carreira TAE e conquistas de greve<br><strong>24\/04<\/strong> &#8211; 9h &#8211; reuni\u00e3o CLG no lon\u00e3o<\/p>\n\n\n\n<p>Veja mais fotos dessa manh\u00e3, <a href=\"https:\/\/www.facebook.com\/media\/set\/?set=a.1414224354082941&amp;type=3\"><strong>clicando aqui<\/strong><\/a>.<\/span><\/span><\/span><\/span><\/p>\n","protected":false},"excerpt":{"rendered":"<p>Na manh\u00e3 dessa sexta-feira (17), o Comando Local de Greve esteve reunido no lon\u00e3o, em frente ao INPE, onde debateu a agenda de greve de 22 a 24 de abril, bem como passou informes locais e nacionais. Dentre os informes, relatou-se sobre a roda de conversa que ocorreu na manh\u00e3 de quinta (16), no Audit\u00f3rio [&hellip;]<\/p>\n","protected":false},"author":4,"featured_media":29858,"comment_status":"open","ping_status":"open","sticky":false,"template":"","format":"standard","meta":{"footnotes":""},"categories":[246],"tags":[],"class_list":["post-29857","post","type-post","status-publish","format-standard","has-post-thumbnail","hentry","category-geralinformativoinicialnoticias"],"_links":{"self":[{"href":"https:\/\/cta.clst17.mxpr.email.pecoraricloud.com.br\/~assufsmcom\/wp-json\/wp\/v2\/posts\/29857","targetHints":{"allow":["GET"]}}],"collection":[{"href":"https:\/\/cta.clst17.mxpr.email.pecoraricloud.com.br\/~assufsmcom\/wp-json\/wp\/v2\/posts"}],"about":[{"href":"https:\/\/cta.clst17.mxpr.email.pecoraricloud.com.br\/~assufsmcom\/wp-json\/wp\/v2\/types\/post"}],"author":[{"embeddable":true,"href":"https:\/\/cta.clst17.mxpr.email.pecoraricloud.com.br\/~assufsmcom\/wp-json\/wp\/v2\/users\/4"}],"replies":[{"embeddable":true,"href":"https:\/\/cta.clst17.mxpr.email.pecoraricloud.com.br\/~assufsmcom\/wp-json\/wp\/v2\/comments?post=29857"}],"version-history":[{"count":0,"href":"https:\/\/cta.clst17.mxpr.email.pecoraricloud.com.br\/~assufsmcom\/wp-json\/wp\/v2\/posts\/29857\/revisions"}],"wp:featuredmedia":[{"embeddable":true,"href":"https:\/\/cta.clst17.mxpr.email.pecoraricloud.com.br\/~assufsmcom\/wp-json\/wp\/v2\/media\/29858"}],"wp:attachment":[{"href":"https:\/\/cta.clst17.mxpr.email.pecoraricloud.com.br\/~assufsmcom\/wp-json\/wp\/v2\/media?parent=29857"}],"wp:term":[{"taxonomy":"category","embeddable":true,"href":"https:\/\/cta.clst17.mxpr.email.pecoraricloud.com.br\/~assufsmcom\/wp-json\/wp\/v2\/categories?post=29857"},{"taxonomy":"post_tag","embeddable":true,"href":"https:\/\/cta.clst17.mxpr.email.pecoraricloud.com.br\/~assufsmcom\/wp-json\/wp\/v2\/tags?post=29857"}],"curies":[{"name":"wp","href":"https:\/\/api.w.org\/{rel}","templated":true}]}}