{"id":29867,"date":"2026-04-22T15:30:20","date_gmt":"2026-04-22T18:30:20","guid":{"rendered":"https:\/\/cta.clst17.mxpr.email.pecoraricloud.com.br\/~assufsmcom\/2026\/04\/22\/59o-dia-de-greve-clg-reune-se-no-lonao-para-repassar-informes-e-atualizar-mobilizacao\/"},"modified":"2026-04-30T16:17:44","modified_gmt":"2026-04-30T19:17:44","slug":"59o-dia-de-greve-clg-reune-se-no-lonao-para-repassar-informes-e-atualizar-mobilizacao","status":"publish","type":"post","link":"https:\/\/cta.clst17.mxpr.email.pecoraricloud.com.br\/~assufsmcom\/2026\/04\/22\/59o-dia-de-greve-clg-reune-se-no-lonao-para-repassar-informes-e-atualizar-mobilizacao\/","title":{"rendered":"59\u00ba dia de greve: CLG re\u00fane-se no Lon\u00e3o para repassar informes e atualizar mobiliza\u00e7\u00e3o"},"content":{"rendered":"\n<span dir=\"auto\" style=\"vertical-align: inherit;\"><span dir=\"auto\" style=\"vertical-align: inherit;\"><span dir=\"auto\" style=\"vertical-align: inherit;\"><span dir=\"auto\" style=\"vertical-align: inherit;\">Na manh\u00e3 desta quarta-feira (22), o Comando Local de Greve (CLG) esteve reunido no Lon\u00e3o da Greve, marcando o 59\u00ba dia de paralisa\u00e7\u00e3o da categoria t\u00e9cnico-administrativa em educa\u00e7\u00e3o. O encontro teve como foco a socializa\u00e7\u00e3o de informes gerais e a atualiza\u00e7\u00e3o do cen\u00e1rio local e nacional da greve.\n<div class=\"\" data-turn-id-container=\"request-WEB:f59a54c6-8daf-4b1b-b624-873ebdde6d3d-0\" data-is-intersecting=\"true\"><section class=\"text-token-text-primary w-full focus:outline-none [--shadow-height:45px] has-data-writing-block:pointer-events-none has-data-writing-block:-mt-(--shadow-height) has-data-writing-block:pt-(--shadow-height) [&amp;:has([data-writing-block])&gt;*]:pointer-events-auto R6Vx5W_threadScrollVars scroll-mb-[calc(var(--scroll-root-safe-area-inset-bottom,0px)+var(--thread-response-height))] scroll-mt-[calc(var(--header-height)+min(200px,max(70px,20svh)))]\" dir=\"auto\" data-turn-id=\"request-WEB:f59a54c6-8daf-4b1b-b624-873ebdde6d3d-0\" data-testid=\"conversation-turn-2\" data-scroll-anchor=\"false\" data-turn=\"assistant\">\n<div class=\"text-base my-auto mx-auto pb-10 [--thread-content-margin:var(--thread-content-margin-xs,calc(var(--spacing)*4))] @w-sm\/main:[--thread-content-margin:var(--thread-content-margin-sm,calc(var(--spacing)*6))] @w-lg\/main:[--thread-content-margin:var(--thread-content-margin-lg,calc(var(--spacing)*16))] px-(--thread-content-margin)\">\n<div class=\"[--thread-content-max-width:40rem] @w-lg\/main:[--thread-content-max-width:48rem] mx-auto max-w-(--thread-content-max-width) flex-1 group\/turn-messages focus-visible:outline-hidden relative flex w-full min-w-0 flex-col agent-turn\">\n<div class=\"flex max-w-full flex-col gap-4 grow\">\n<div class=\"min-h-8 text-message relative flex w-full flex-col items-end gap-2 text-start break-words whitespace-normal outline-none keyboard-focused:focus-ring [.text-message+&amp;]:mt-1\" dir=\"auto\" tabindex=\"0\" data-message-author-role=\"assistant\" data-message-id=\"218a96cb-bb20-490e-9cff-ec41c1b70db5\" data-message-model-slug=\"gpt-5-3\" data-turn-start-message=\"true\">\n<div class=\"flex w-full flex-col gap-1 empty:hidden\">\n<div class=\"markdown prose dark:prose-invert w-full wrap-break-word light markdown-new-styling\">\n<p data-start=\"389\" data-end=\"716\">Durante a reuni\u00e3o, tamb\u00e9m foram apresentados os informes da caravana que retornou a Santa Maria no \u00faltimo dia 17 de abril, destacando as atividades realizadas e os encaminhamentos constru\u00eddos em \u00e2mbito nacional.\u00a0Ap\u00f3s a reuni\u00e3o, integrantes do CLG fizeram visitas aos setores da UFSM, chamando a categoria para a mobiliza\u00e7\u00e3o.<\/p>\n<p data-start=\"679\" data-end=\"1156\">O Comando Local de Greve convoca as servidoras e servidores t\u00e9cnico-administrativos em educa\u00e7\u00e3o para participarem da pr\u00f3xima Assembleia Tem\u00e1tica de Greve, que ser\u00e1 realizada no dia 22 de abril, \u00e0s 14h, no Audit\u00f3rio do INPE. O encontro ter\u00e1 como pauta central os regimes de aposentadoria e os impactos das reformas previdenci\u00e1rias na pol\u00edtica salarial. Tamb\u00e9m estar\u00e3o em debate a retirada de delega\u00e7\u00e3o para o Comando Nacional de Greve, informes gerais e avalia\u00e7\u00e3o de conjuntura.<\/p>\n<p data-start=\"1158\" data-end=\"1358\" data-is-last-node=\"\" data-is-only-node=\"\">Na manh\u00e3 de quinta-feira (23), o Comando Local de Greve volta a se reunir no Lon\u00e3o da Greve para discutir a constru\u00e7\u00e3o da linha do tempo da carreira TAE e as conquistas acumuladas ao longo das greves.<\/p>\n\n<\/div>\n<\/div>\n<\/div>\n<\/div>\n<div class=\"z-0 flex min-h-[46px] justify-start\"><\/div>\n<\/div>\n<\/div>\n<\/section><\/div>\n<img fetchpriority=\"high\" decoding=\"async\" class=\"aligncenter size-full wp-image-34707\" src=\"https:\/\/cta.clst17.mxpr.email.pecoraricloud.com.br\/~assufsmcom\/wp-content\/uploads\/2026\/04\/ASAS.jpeg\" alt=\"\" width=\"720\" height=\"1280\" \/> <img decoding=\"async\" class=\"aligncenter size-full wp-image-34708\" src=\"https:\/\/cta.clst17.mxpr.email.pecoraricloud.com.br\/~assufsmcom\/wp-content\/uploads\/2026\/04\/CARAVANA-.jpeg\" alt=\"\" width=\"1600\" height=\"1200\" \/> <img decoding=\"async\" class=\"aligncenter size-full wp-image-34709\" src=\"https:\/\/cta.clst17.mxpr.email.pecoraricloud.com.br\/~assufsmcom\/wp-content\/uploads\/2026\/04\/DDDSD.jpeg\" alt=\"\" width=\"1280\" height=\"720\" \/> <img loading=\"lazy\" decoding=\"async\" class=\"aligncenter size-full wp-image-34710\" src=\"https:\/\/cta.clst17.mxpr.email.pecoraricloud.com.br\/~assufsmcom\/wp-content\/uploads\/2026\/04\/WhatsApp-Image-2026-04-22-at-09.34.52.jpeg\" alt=\"\" width=\"1280\" height=\"576\" \/> <img loading=\"lazy\" decoding=\"async\" class=\"aligncenter size-full wp-image-34711\" src=\"https:\/\/cta.clst17.mxpr.email.pecoraricloud.com.br\/~assufsmcom\/wp-content\/uploads\/2026\/04\/WhatsApp-Image-2026-04-22-at-09.34.58.jpeg\" alt=\"\" width=\"1600\" height=\"1200\" \/> <img loading=\"lazy\" decoding=\"async\" class=\"aligncenter size-full wp-image-34712\" src=\"https:\/\/cta.clst17.mxpr.email.pecoraricloud.com.br\/~assufsmcom\/wp-content\/uploads\/2026\/04\/WhatsApp-Image-2026-04-22-at-10.39.13.jpeg\" alt=\"\" width=\"1200\" height=\"1600\" \/> <img loading=\"lazy\" decoding=\"async\" class=\"aligncenter size-full wp-image-34713\" src=\"https:\/\/cta.clst17.mxpr.email.pecoraricloud.com.br\/~assufsmcom\/wp-content\/uploads\/2026\/04\/WSS.jpeg\" alt=\"\" width=\"720\" height=\"1280\" \/><\/span><\/span><\/span><\/span>\n","protected":false},"excerpt":{"rendered":"<p>Na manh\u00e3 desta quarta-feira (22), o Comando Local de Greve (CLG) esteve reunido no Lon\u00e3o da Greve, marcando o 59\u00ba dia de paralisa\u00e7\u00e3o da categoria t\u00e9cnico-administrativa em educa\u00e7\u00e3o. O encontro teve como foco a socializa\u00e7\u00e3o de informes gerais e a atualiza\u00e7\u00e3o do cen\u00e1rio local e nacional da greve. Durante a reuni\u00e3o, tamb\u00e9m foram apresentados os [&hellip;]<\/p>\n","protected":false},"author":4,"featured_media":29868,"comment_status":"open","ping_status":"open","sticky":false,"template":"","format":"standard","meta":{"footnotes":""},"categories":[249],"tags":[],"class_list":["post-29867","post","type-post","status-publish","format-standard","has-post-thumbnail","hentry","category-geralinformativoinicialinstitucionalnoticiaspublicacoes"],"_links":{"self":[{"href":"https:\/\/cta.clst17.mxpr.email.pecoraricloud.com.br\/~assufsmcom\/wp-json\/wp\/v2\/posts\/29867","targetHints":{"allow":["GET"]}}],"collection":[{"href":"https:\/\/cta.clst17.mxpr.email.pecoraricloud.com.br\/~assufsmcom\/wp-json\/wp\/v2\/posts"}],"about":[{"href":"https:\/\/cta.clst17.mxpr.email.pecoraricloud.com.br\/~assufsmcom\/wp-json\/wp\/v2\/types\/post"}],"author":[{"embeddable":true,"href":"https:\/\/cta.clst17.mxpr.email.pecoraricloud.com.br\/~assufsmcom\/wp-json\/wp\/v2\/users\/4"}],"replies":[{"embeddable":true,"href":"https:\/\/cta.clst17.mxpr.email.pecoraricloud.com.br\/~assufsmcom\/wp-json\/wp\/v2\/comments?post=29867"}],"version-history":[{"count":1,"href":"https:\/\/cta.clst17.mxpr.email.pecoraricloud.com.br\/~assufsmcom\/wp-json\/wp\/v2\/posts\/29867\/revisions"}],"predecessor-version":[{"id":29875,"href":"https:\/\/cta.clst17.mxpr.email.pecoraricloud.com.br\/~assufsmcom\/wp-json\/wp\/v2\/posts\/29867\/revisions\/29875"}],"wp:featuredmedia":[{"embeddable":true,"href":"https:\/\/cta.clst17.mxpr.email.pecoraricloud.com.br\/~assufsmcom\/wp-json\/wp\/v2\/media\/29868"}],"wp:attachment":[{"href":"https:\/\/cta.clst17.mxpr.email.pecoraricloud.com.br\/~assufsmcom\/wp-json\/wp\/v2\/media?parent=29867"}],"wp:term":[{"taxonomy":"category","embeddable":true,"href":"https:\/\/cta.clst17.mxpr.email.pecoraricloud.com.br\/~assufsmcom\/wp-json\/wp\/v2\/categories?post=29867"},{"taxonomy":"post_tag","embeddable":true,"href":"https:\/\/cta.clst17.mxpr.email.pecoraricloud.com.br\/~assufsmcom\/wp-json\/wp\/v2\/tags?post=29867"}],"curies":[{"name":"wp","href":"https:\/\/api.w.org\/{rel}","templated":true}]}}