{"id":29876,"date":"2026-04-22T19:13:42","date_gmt":"2026-04-22T22:13:42","guid":{"rendered":"https:\/\/cta.clst17.mxpr.email.pecoraricloud.com.br\/~assufsmcom\/2026\/04\/22\/59-dia-de-greve-grevistas-reunem-se-para-passar-informes-gerais-fazer-analise-de-conjuntura-e-retirar-delegacao-para-o-cng\/"},"modified":"2026-04-22T19:13:42","modified_gmt":"2026-04-22T22:13:42","slug":"59-dia-de-greve-grevistas-reunem-se-para-passar-informes-gerais-fazer-analise-de-conjuntura-e-retirar-delegacao-para-o-cng","status":"publish","type":"post","link":"https:\/\/cta.clst17.mxpr.email.pecoraricloud.com.br\/~assufsmcom\/2026\/04\/22\/59-dia-de-greve-grevistas-reunem-se-para-passar-informes-gerais-fazer-analise-de-conjuntura-e-retirar-delegacao-para-o-cng\/","title":{"rendered":"59\u00b0 dia de greve: Grevistas re\u00fanem-se para passar informes gerais, fazer an\u00e1lise de conjuntura e retirar delega\u00e7\u00e3o para o CNG"},"content":{"rendered":"\n<p><span dir=\"auto\" style=\"vertical-align: inherit;\"><span dir=\"auto\" style=\"vertical-align: inherit;\"><span dir=\"auto\" style=\"vertical-align: inherit;\"><span dir=\"auto\" style=\"vertical-align: inherit;\">Na tarde dessa quarta-feira (22), a categoria TAE da UFSM reuniu-se no Audit\u00f3rio do INPE, para retirar a delega\u00e7\u00e3o para o Comando Nacional de Greve (CNG), fazer an\u00e1lise de conjuntura e passar informes locais e nacionais.<\/p>\n\n\n\n<p>Dentro os informes nacionais est\u00e3o: o encaminhamento do CNG para que os CLGs fa\u00e7am atos concomitantes, definiu-se, ent\u00e3o, que o CLG da Assufsm far\u00e1 reuni\u00f5es do Comando, todas as ter\u00e7as-feiras na Reitoria da UFSM, al\u00e9m disso, na pr\u00f3xima ter\u00e7a, dia 28 de abril, o MEC far\u00e1 uma reuni\u00e3o com representantes sindicais, \u00e0s 10h. Para marcar essa reuni\u00e3o, localmente, o CLG far\u00e1 a reuni\u00e3o do comando, \u00e0s 9h na reitoria e, ap\u00f3s, um salsip\u00e3o.<\/p>\n\n\n\n<p>Os caravaneiros e caravaneiras que foram a Bras\u00edlia, na \u00faltima semana, passaram informes sobre os atos de greve e a Marcha do Dia Nacional de Luta pelo Cumprimento Integral do Acordo da greve de 2024. Al\u00e9m disso, o qu\u00f3rum da Assembleia realizou uma rodada de an\u00e1lise de conjuntura sobre a greve local e nacional.<\/p>\n\n\n\n<p>Nos informes locais, foram passados os seguintes informes: entre hoje (22) e amanh\u00e3 (23), tem a elei\u00e7\u00e3o dos conselhos superiores da UFSM, onde os e as TAEs da UFSM devem votar em seus representantes. Tamb\u00e9m informou-se a respeito do CLG ter encaminhado passar nos centros de ensino ap\u00f3s as reuni\u00f5es, para se debater com a categoria sobre a greve. Outro informe pertinente se refere \u00e0 CIS, que conseguiu a sala 300, no terceiro andar da Reitoria, onde ficar\u00e1 instalada para suas reuni\u00f5es. No dia 1\u00b0 de maio, ter\u00e1 um ato sobre o Dia do Trabalhador(a), \u00e0s 15h, na Pra\u00e7a do Mallet, em Santa Maria. Informou-se ainda que, na manh\u00e3 do dia 23, o CLG far\u00e1 a constru\u00e7\u00e3o da linha do tempo de greve, no lon\u00e3o, ap\u00f3s a reuniao do CLG, \u00e0s 9h. E por fim, ocorrer\u00e1 uma Assembleia tem\u00e1tica de greve no dia 29 de abril, sobre Racionaliza\u00e7\u00e3o de Cargos e desvio de fun\u00e7\u00e3o.<\/p>\n\n\n\n<p>Um encaminhamento feito na Assembleia foi de pedir que os comandos de greve tenham reuni\u00f5es com a Andifes, para pressionar ao MEC e MGI realizar a negocia\u00e7\u00e3o com a categoria. Por fim, votou-se na retirada da delega\u00e7a\u00f5 que ir\u00e1 ao CNG, na primeira semana de maio: chapa 1 Vamos \u00e0 Luta (VAL) ficou com 54 votos e levar\u00e1 3 delegadas: Clenir Lopes, Sol Pahim e Nilza Almeida e chapa 2 Unir\/Ressignificar ficou com 25 votos e levar\u00e1 1 delegada: Ja\u00edne Vasconcellos.<\/p>\n\n\n\n<p>Confira mais fotos <a href=\"https:\/\/www.facebook.com\/media\/set\/?set=a.1418503313655045&amp;type=3\"><strong>clicando aqui<\/strong><\/a>.<\/span><\/span><\/span><\/span><\/p>\n","protected":false},"excerpt":{"rendered":"<p>Na tarde dessa quarta-feira (22), a categoria TAE da UFSM reuniu-se no Audit\u00f3rio do INPE, para retirar a delega\u00e7\u00e3o para o Comando Nacional de Greve (CNG), fazer an\u00e1lise de conjuntura e passar informes locais e nacionais. Dentro os informes nacionais est\u00e3o: o encaminhamento do CNG para que os CLGs fa\u00e7am atos concomitantes, definiu-se, ent\u00e3o, que [&hellip;]<\/p>\n","protected":false},"author":4,"featured_media":29877,"comment_status":"open","ping_status":"open","sticky":false,"template":"","format":"standard","meta":{"footnotes":""},"categories":[246],"tags":[],"class_list":["post-29876","post","type-post","status-publish","format-standard","has-post-thumbnail","hentry","category-geralinformativoinicialnoticias"],"_links":{"self":[{"href":"https:\/\/cta.clst17.mxpr.email.pecoraricloud.com.br\/~assufsmcom\/wp-json\/wp\/v2\/posts\/29876","targetHints":{"allow":["GET"]}}],"collection":[{"href":"https:\/\/cta.clst17.mxpr.email.pecoraricloud.com.br\/~assufsmcom\/wp-json\/wp\/v2\/posts"}],"about":[{"href":"https:\/\/cta.clst17.mxpr.email.pecoraricloud.com.br\/~assufsmcom\/wp-json\/wp\/v2\/types\/post"}],"author":[{"embeddable":true,"href":"https:\/\/cta.clst17.mxpr.email.pecoraricloud.com.br\/~assufsmcom\/wp-json\/wp\/v2\/users\/4"}],"replies":[{"embeddable":true,"href":"https:\/\/cta.clst17.mxpr.email.pecoraricloud.com.br\/~assufsmcom\/wp-json\/wp\/v2\/comments?post=29876"}],"version-history":[{"count":0,"href":"https:\/\/cta.clst17.mxpr.email.pecoraricloud.com.br\/~assufsmcom\/wp-json\/wp\/v2\/posts\/29876\/revisions"}],"wp:featuredmedia":[{"embeddable":true,"href":"https:\/\/cta.clst17.mxpr.email.pecoraricloud.com.br\/~assufsmcom\/wp-json\/wp\/v2\/media\/29877"}],"wp:attachment":[{"href":"https:\/\/cta.clst17.mxpr.email.pecoraricloud.com.br\/~assufsmcom\/wp-json\/wp\/v2\/media?parent=29876"}],"wp:term":[{"taxonomy":"category","embeddable":true,"href":"https:\/\/cta.clst17.mxpr.email.pecoraricloud.com.br\/~assufsmcom\/wp-json\/wp\/v2\/categories?post=29876"},{"taxonomy":"post_tag","embeddable":true,"href":"https:\/\/cta.clst17.mxpr.email.pecoraricloud.com.br\/~assufsmcom\/wp-json\/wp\/v2\/tags?post=29876"}],"curies":[{"name":"wp","href":"https:\/\/api.w.org\/{rel}","templated":true}]}}