{"id":29878,"date":"2026-04-23T11:53:42","date_gmt":"2026-04-23T14:53:42","guid":{"rendered":"https:\/\/cta.clst17.mxpr.email.pecoraricloud.com.br\/~assufsmcom\/2026\/04\/23\/mec-agenda-reuniao-da-mesa-setorial-para-28-de-abril\/"},"modified":"2026-04-23T11:53:42","modified_gmt":"2026-04-23T14:53:42","slug":"mec-agenda-reuniao-da-mesa-setorial-para-28-de-abril","status":"publish","type":"post","link":"https:\/\/cta.clst17.mxpr.email.pecoraricloud.com.br\/~assufsmcom\/2026\/04\/23\/mec-agenda-reuniao-da-mesa-setorial-para-28-de-abril\/","title":{"rendered":"MEC agenda reuni\u00e3o da Mesa Setorial para 28 de abril"},"content":{"rendered":"\n<span dir=\"auto\" style=\"vertical-align: inherit;\"><span dir=\"auto\" style=\"vertical-align: inherit;\"><span dir=\"auto\" style=\"vertical-align: inherit;\"><span dir=\"auto\" style=\"vertical-align: inherit;\">O Minist\u00e9rio da Educa\u00e7\u00e3o (MEC)\u00a0<a href=\"https:\/\/sinasefe.org.br\/site\/comunicacao\/agenda\" target=\"_blank\" rel=\"noreferrer noopener\">remarcou para 28 de abril<\/a>\u00a0(ter\u00e7a-feira), \u00e0s 10 horas, a 1\u00aa Reuni\u00e3o Ordin\u00e1ria da Mesa Setorial de Negocia\u00e7\u00e3o Permanente (MSNP), que acontecer\u00e1 na sede do MEC, em Bras\u00edlia-DF. Inicialmente a reuni\u00e3o\u00a0<a href=\"https:\/\/sinasefe.org.br\/site\/mesa-setorial-do-mec-apresenta-calendario-de-reunioes\" target=\"_blank\" rel=\"noreferrer noopener\">estava marcada para 14\/04<\/a>.\n\nA pauta prevista para debate na reuni\u00e3o \u00e9 a democratiza\u00e7\u00e3o das Institui\u00e7\u00f5es Federais de Ensino Superior (IFES), considerando a\u00a0<a href=\"https:\/\/www.planalto.gov.br\/ccivil_03\/_ato2023-2026\/2026\/lei\/L15367.htm\" target=\"_blank\" rel=\"noreferrer noopener\">Lei n\u00ba 15.367, de 30 de mar\u00e7o de 2026<\/a>\u00a0(cap\u00edtulo XXV), que estabelece crit\u00e9rios para a nomea\u00e7\u00e3o de dirigentes.\n\nDesde a sua implementa\u00e7\u00e3o, em abril de 2024, a Mesa Setorial de Negocia\u00e7\u00e3o Permanente se reuniu oito vezes, dentre reuni\u00f5es ordin\u00e1rias e extraordin\u00e1rias, mas ainda sem avan\u00e7os consolidados.\n\nAs reuni\u00f5es ocorreram em\u00a0<a href=\"https:\/\/sinasefe.org.br\/site\/informe-das-mesas-de-negociacao-com-o-governo-federal\" target=\"_blank\" rel=\"noreferrer noopener\">11\/04\/2024<\/a>,\u00a0<a href=\"https:\/\/sinasefe.org.br\/site\/download\/informe-da-coordenacao-de-politicas-educacionais-e-culturais-sobre-a-mesa-setorial-de-negociacao-permanente-com-o-ministerio-da-educacao\/\" target=\"_blank\" rel=\"noreferrer noopener\">13\/05\/2024<\/a>,\u00a0<a href=\"https:\/\/sinasefe.org.br\/site\/sinasefe-participou-de-reuniao-de-mesa-setorial-com-o-mec-em-07-06\" target=\"_blank\" rel=\"noreferrer noopener\">07\/06\/2024<\/a>,\u00a0<a href=\"https:\/\/sinasefe.org.br\/site\/reuniao-da-mesa-setorial-de-negociacao-adiciona-propostas-para-analise-da-categoria\" target=\"_blank\" rel=\"noreferrer noopener\">14\/06\/2024<\/a>,\u00a0<a href=\"https:\/\/sinasefe.org.br\/site\/mesa-setorial-de-negociacao-permanente-debate-e-finaliza-regimento-interno\" target=\"_blank\" rel=\"noreferrer noopener\">28\/11\/2024<\/a>,\u00a0<a href=\"https:\/\/sinasefe.org.br\/site\/informe-da-reuniao-da-mesa-setorial-de-negociacao-permanente-de-12-05\" target=\"_blank\" rel=\"noreferrer noopener\">12\/05\/2025<\/a>,\u00a0<a href=\"https:\/\/sinasefe.org.br\/site\/mec-promete-respostas-sobre-pendencias-da-greve-ate-1o-de-agosto\/\" target=\"_blank\" rel=\"noreferrer noopener\">29\/07\/2025<\/a>\u00a0e\u00a0<a href=\"https:\/\/sinasefe.org.br\/site\/mesa-setorial-debate-legislacao-de-insalubridade\" target=\"_blank\" rel=\"noreferrer noopener\">10\/03\/2026<\/a>.\n\nImportante salientar que a Mesa Setorial de Negocia\u00e7\u00e3o Permanente faz parte do\u00a0<a href=\"https:\/\/sinasefe.org.br\/site\/negociacoes-sindicato-assina-protocolo-de-funcionamento-de-negociacoes-com-governo-federal\" target=\"_blank\" rel=\"noreferrer noopener\">sistema de negocia\u00e7\u00e3o<\/a>\u00a0estabelecido pelo Minist\u00e9rio da Gest\u00e3o e da Inova\u00e7\u00e3o em Servi\u00e7os P\u00fablicos (MGI) na\u00a0<a href=\"https:\/\/sinasefe.org.br\/site\/negociacoes-sindicato-assina-protocolo-de-funcionamento-de-negociacoes-com-governo-federal\" target=\"_blank\" rel=\"noreferrer noopener\">Mesa Nacional de Negocia\u00e7\u00e3o Permanente<\/a>, que se divide em tr\u00eas segmentos:\n<ul class=\"wp-block-list\">\n \t<li><strong>Mesa Central<\/strong>\u00a0\u2013 que debate quest\u00f5es com impacto or\u00e7ament\u00e1rio, no \u00e2mbito de todo o servi\u00e7o p\u00fablico federal;<\/li>\n \t<li><strong>Mesa Tempor\u00e1ria e Espec\u00edfica<\/strong>\u00a0\u2013 que debate quest\u00f5es com impacto or\u00e7ament\u00e1rio, no \u00e2mbito de cada carreira do servi\u00e7o p\u00fablico federal de forma separada;<\/li>\n \t<li><strong>Mesa Setorial<\/strong>\u00a0\u2013 que debate quest\u00f5es de cada categoria, no \u00e2mbito de cada Minist\u00e9rio, que n\u00e3o possuam impacto or\u00e7ament\u00e1rio.<\/li>\n<\/ul>\n<i>Fonte: SINASEFE\/SM<\/i><\/span><\/span><\/span><\/span>\n","protected":false},"excerpt":{"rendered":"<p>O Minist\u00e9rio da Educa\u00e7\u00e3o (MEC)\u00a0remarcou para 28 de abril\u00a0(ter\u00e7a-feira), \u00e0s 10 horas, a 1\u00aa Reuni\u00e3o Ordin\u00e1ria da Mesa Setorial de Negocia\u00e7\u00e3o Permanente (MSNP), que acontecer\u00e1 na sede do MEC, em Bras\u00edlia-DF. Inicialmente a reuni\u00e3o\u00a0estava marcada para 14\/04. A pauta prevista para debate na reuni\u00e3o \u00e9 a democratiza\u00e7\u00e3o das Institui\u00e7\u00f5es Federais de Ensino Superior (IFES), considerando [&hellip;]<\/p>\n","protected":false},"author":4,"featured_media":29879,"comment_status":"open","ping_status":"open","sticky":false,"template":"","format":"standard","meta":{"footnotes":""},"categories":[249],"tags":[],"class_list":["post-29878","post","type-post","status-publish","format-standard","has-post-thumbnail","hentry","category-geralinformativoinicialinstitucionalnoticiaspublicacoes"],"_links":{"self":[{"href":"https:\/\/cta.clst17.mxpr.email.pecoraricloud.com.br\/~assufsmcom\/wp-json\/wp\/v2\/posts\/29878","targetHints":{"allow":["GET"]}}],"collection":[{"href":"https:\/\/cta.clst17.mxpr.email.pecoraricloud.com.br\/~assufsmcom\/wp-json\/wp\/v2\/posts"}],"about":[{"href":"https:\/\/cta.clst17.mxpr.email.pecoraricloud.com.br\/~assufsmcom\/wp-json\/wp\/v2\/types\/post"}],"author":[{"embeddable":true,"href":"https:\/\/cta.clst17.mxpr.email.pecoraricloud.com.br\/~assufsmcom\/wp-json\/wp\/v2\/users\/4"}],"replies":[{"embeddable":true,"href":"https:\/\/cta.clst17.mxpr.email.pecoraricloud.com.br\/~assufsmcom\/wp-json\/wp\/v2\/comments?post=29878"}],"version-history":[{"count":0,"href":"https:\/\/cta.clst17.mxpr.email.pecoraricloud.com.br\/~assufsmcom\/wp-json\/wp\/v2\/posts\/29878\/revisions"}],"wp:featuredmedia":[{"embeddable":true,"href":"https:\/\/cta.clst17.mxpr.email.pecoraricloud.com.br\/~assufsmcom\/wp-json\/wp\/v2\/media\/29879"}],"wp:attachment":[{"href":"https:\/\/cta.clst17.mxpr.email.pecoraricloud.com.br\/~assufsmcom\/wp-json\/wp\/v2\/media?parent=29878"}],"wp:term":[{"taxonomy":"category","embeddable":true,"href":"https:\/\/cta.clst17.mxpr.email.pecoraricloud.com.br\/~assufsmcom\/wp-json\/wp\/v2\/categories?post=29878"},{"taxonomy":"post_tag","embeddable":true,"href":"https:\/\/cta.clst17.mxpr.email.pecoraricloud.com.br\/~assufsmcom\/wp-json\/wp\/v2\/tags?post=29878"}],"curies":[{"name":"wp","href":"https:\/\/api.w.org\/{rel}","templated":true}]}}