{"id":29899,"date":"2026-04-24T14:25:20","date_gmt":"2026-04-24T17:25:20","guid":{"rendered":"https:\/\/cta.clst17.mxpr.email.pecoraricloud.com.br\/~assufsmcom\/2026\/04\/24\/confira-a-agenda-de-greve-para-a-semana-dos-dias-27-a-30-de-abril\/"},"modified":"2026-04-30T16:18:31","modified_gmt":"2026-04-30T19:18:31","slug":"confira-a-agenda-de-greve-para-a-semana-dos-dias-27-a-30-de-abril","status":"publish","type":"post","link":"https:\/\/cta.clst17.mxpr.email.pecoraricloud.com.br\/~assufsmcom\/2026\/04\/24\/confira-a-agenda-de-greve-para-a-semana-dos-dias-27-a-30-de-abril\/","title":{"rendered":"Confira a agenda de greve para a semana dos dias 27 a 30 de abril"},"content":{"rendered":"\n<p><span dir=\"auto\" style=\"vertical-align: inherit;\"><span dir=\"auto\" style=\"vertical-align: inherit;\"><span dir=\"auto\" style=\"vertical-align: inherit;\"><span dir=\"auto\" style=\"vertical-align: inherit;\">AGENDA DE GREVE DA SEMANA (27 a 30\/04)<\/p>\n\n\n\n<p><strong><img decoding=\"async\" class=\"emoji\" role=\"img\" draggable=\"false\" src=\"https:\/\/cta.clst17.mxpr.email.pecoraricloud.com.br\/~assufsmcom\/wp-content\/uploads\/2026\/03\/27a1-1.svg\" alt=\"\u27a1\ufe0f\" \/> 27\/04<\/strong> \u2013 9h \u2013 reuni\u00e3o CLG, no lon\u00e3o<\/p>\n\n\n\n<p><strong><img decoding=\"async\" class=\"emoji\" role=\"img\" draggable=\"false\" src=\"https:\/\/cta.clst17.mxpr.email.pecoraricloud.com.br\/~assufsmcom\/wp-content\/uploads\/2026\/03\/27a1-1.svg\" alt=\"\u27a1\ufe0f\" \/> 28\/04<\/strong> \u2013 9h \u2013 reuni\u00e3o CLG, na Reitoria, com o Salship\u00e3o de greve ap\u00f3s a reuni\u00e3o | 14h \u2013 Reuni\u00e3o do Conselho do CAL, na sala 1203<\/p>\n\n\n\n<p><strong><img decoding=\"async\" class=\"emoji\" role=\"img\" draggable=\"false\" src=\"https:\/\/cta.clst17.mxpr.email.pecoraricloud.com.br\/~assufsmcom\/wp-content\/uploads\/2026\/03\/27a1-1.svg\" alt=\"\u27a1\ufe0f\" \/> 29\/04<\/strong> \u2013 9h \u2013 Assembleia Tem\u00e1tica de Greve, no Audit\u00f3rio Fl\u00e1vio Miguel Schneider, no CCR, sobre a racionaliza\u00e7\u00e3o dos cargos | 15h30min &#8211; Movimento Unificado: Dan\u00e7a e Resist\u00eancia, no lon\u00e3o, em alus\u00e3o ao Dia Internacional da Dan\u00e7a<\/p>\n\n\n\n<p><strong><img decoding=\"async\" class=\"emoji\" role=\"img\" draggable=\"false\" src=\"https:\/\/cta.clst17.mxpr.email.pecoraricloud.com.br\/~assufsmcom\/wp-content\/uploads\/2026\/03\/27a1-1.svg\" alt=\"\u27a1\ufe0f\" \/> 30\/04<\/strong> \u2013 9h \u2013 reuni\u00e3o CLG, no lon\u00e3o<\/p>\n\n\n\n<p>TAE, participe das discuss\u00f5es e fortale\u00e7a o movimento de greve!<\/span><\/span><\/span><\/span><\/p>\n","protected":false},"excerpt":{"rendered":"<p>AGENDA DE GREVE DA SEMANA (27 a 30\/04) 27\/04 \u2013 9h \u2013 reuni\u00e3o CLG, no lon\u00e3o 28\/04 \u2013 9h \u2013 reuni\u00e3o CLG, na Reitoria, com o Salship\u00e3o de greve ap\u00f3s a reuni\u00e3o | 14h \u2013 Reuni\u00e3o do Conselho do CAL, na sala 1203 29\/04 \u2013 9h \u2013 Assembleia Tem\u00e1tica de Greve, no Audit\u00f3rio Fl\u00e1vio Miguel [&hellip;]<\/p>\n","protected":false},"author":4,"featured_media":29901,"comment_status":"open","ping_status":"open","sticky":false,"template":"","format":"standard","meta":{"footnotes":""},"categories":[246],"tags":[],"class_list":["post-29899","post","type-post","status-publish","format-standard","has-post-thumbnail","hentry","category-geralinformativoinicialnoticias"],"_links":{"self":[{"href":"https:\/\/cta.clst17.mxpr.email.pecoraricloud.com.br\/~assufsmcom\/wp-json\/wp\/v2\/posts\/29899","targetHints":{"allow":["GET"]}}],"collection":[{"href":"https:\/\/cta.clst17.mxpr.email.pecoraricloud.com.br\/~assufsmcom\/wp-json\/wp\/v2\/posts"}],"about":[{"href":"https:\/\/cta.clst17.mxpr.email.pecoraricloud.com.br\/~assufsmcom\/wp-json\/wp\/v2\/types\/post"}],"author":[{"embeddable":true,"href":"https:\/\/cta.clst17.mxpr.email.pecoraricloud.com.br\/~assufsmcom\/wp-json\/wp\/v2\/users\/4"}],"replies":[{"embeddable":true,"href":"https:\/\/cta.clst17.mxpr.email.pecoraricloud.com.br\/~assufsmcom\/wp-json\/wp\/v2\/comments?post=29899"}],"version-history":[{"count":1,"href":"https:\/\/cta.clst17.mxpr.email.pecoraricloud.com.br\/~assufsmcom\/wp-json\/wp\/v2\/posts\/29899\/revisions"}],"predecessor-version":[{"id":29900,"href":"https:\/\/cta.clst17.mxpr.email.pecoraricloud.com.br\/~assufsmcom\/wp-json\/wp\/v2\/posts\/29899\/revisions\/29900"}],"wp:featuredmedia":[{"embeddable":true,"href":"https:\/\/cta.clst17.mxpr.email.pecoraricloud.com.br\/~assufsmcom\/wp-json\/wp\/v2\/media\/29901"}],"wp:attachment":[{"href":"https:\/\/cta.clst17.mxpr.email.pecoraricloud.com.br\/~assufsmcom\/wp-json\/wp\/v2\/media?parent=29899"}],"wp:term":[{"taxonomy":"category","embeddable":true,"href":"https:\/\/cta.clst17.mxpr.email.pecoraricloud.com.br\/~assufsmcom\/wp-json\/wp\/v2\/categories?post=29899"},{"taxonomy":"post_tag","embeddable":true,"href":"https:\/\/cta.clst17.mxpr.email.pecoraricloud.com.br\/~assufsmcom\/wp-json\/wp\/v2\/tags?post=29899"}],"curies":[{"name":"wp","href":"https:\/\/api.w.org\/{rel}","templated":true}]}}