{"id":29902,"date":"2026-04-24T14:50:33","date_gmt":"2026-04-24T17:50:33","guid":{"rendered":"https:\/\/cta.clst17.mxpr.email.pecoraricloud.com.br\/~assufsmcom\/2026\/04\/24\/61-dia-de-greve-clg-aprova-agenda-da-proxima-semana-e-segue-na-construcao-da-linha-do-tempo-da-carreira-tae\/"},"modified":"2026-04-30T16:18:50","modified_gmt":"2026-04-30T19:18:50","slug":"61-dia-de-greve-clg-aprova-agenda-da-proxima-semana-e-segue-na-construcao-da-linha-do-tempo-da-carreira-tae","status":"publish","type":"post","link":"https:\/\/cta.clst17.mxpr.email.pecoraricloud.com.br\/~assufsmcom\/2026\/04\/24\/61-dia-de-greve-clg-aprova-agenda-da-proxima-semana-e-segue-na-construcao-da-linha-do-tempo-da-carreira-tae\/","title":{"rendered":"61\u00b0 dia de greve: CLG aprova agenda da pr\u00f3xima semana e segue na constru\u00e7\u00e3o da linha do tempo da carreira TAE"},"content":{"rendered":"\n<span dir=\"auto\" style=\"vertical-align: inherit;\"><span dir=\"auto\" style=\"vertical-align: inherit;\"><span dir=\"auto\" style=\"vertical-align: inherit;\"><span dir=\"auto\" style=\"vertical-align: inherit;\"><p data-start=\"96\" data-end=\"247\">A reuni\u00e3o do Comando Local de Greve (CLG), realizada na manh\u00e3 desta sexta-feira (24), no lon\u00e3o da greve, marcou o 61\u00ba dia de paralisa\u00e7\u00e3o da categoria.<\/p>\n<p data-start=\"249\" data-end=\"470\">Durante o encontro, aprovou-se uma nota de rep\u00fadio contra a decis\u00e3o da Prefeitura de Santa Maria de ampliar a contrata\u00e7\u00e3o de monitores para as escolas municipais. Os(as) servidores(as) ressaltaram que o movimento n\u00e3o \u00e9 contr\u00e1rio \u00e0 realiza\u00e7\u00e3o de est\u00e1gios,\u00a0 etapa essencial para a forma\u00e7\u00e3o acad\u00eamica, mas criticaram a medida por aprofundar a precariza\u00e7\u00e3o e o desmonte do setor p\u00fablico. Para a categoria, a iniciativa substitui a necess\u00e1ria contrata\u00e7\u00e3o e valoriza\u00e7\u00e3o de profissionais qualificados por m\u00e3o de obra tempor\u00e1ria. Em breve, a nota poder\u00e1 ser conferida na \u00edntegra.<\/p>\n<p data-start=\"472\" data-end=\"653\">O CLG tamb\u00e9m avan\u00e7ou na elabora\u00e7\u00e3o da linha do tempo da carreira, um projeto que resgata a trajet\u00f3ria de lutas e conquistas da categoria. Para dar visibilidade a essa mem\u00f3ria, a estrutura do lon\u00e3o da greve receber\u00e1 fotos, cartazes e registros hist\u00f3ricos das mobiliza\u00e7\u00f5es que marcaram a trajet\u00f3ria sindical ao longo dos anos.<\/p>\n<p data-start=\"655\" data-end=\"799\" data-is-last-node=\"\" data-is-only-node=\"\">Al\u00e9m disso, o CLG aprovou a agenda de mobiliza\u00e7\u00f5es da pr\u00f3xima semana (27\/04 a 30\/04). Confira:<\/p>\n\u27a1\ufe0f 27\/04 \u2013 9h \u2013 reuni\u00e3o CLG, no lon\u00e3o da greve\n\n\u27a1\ufe0f 28\/04 \u2013 9h \u2013 reuni\u00e3o CLG, na Reitoria | 14h \u2013 Reuni\u00e3o do Conselho do CAL, na sala 1203\n\n\u27a1\ufe0f 29\/04 \u2013 9h \u2013 Assembleia Tem\u00e1tica de Greve sobre a racionaliza\u00e7\u00e3o dos cargos, no Audit\u00f3rio Fl\u00e1vio Miguel Schneider, no CCR\n\n\u27a1\ufe0f 30\/04 \u2013 9h \u2013 reuni\u00e3o CLG, no lon\u00e3o da greve\n<p data-start=\"655\" data-end=\"799\" data-is-last-node=\"\" data-is-only-node=\"\"><img fetchpriority=\"high\" decoding=\"async\" class=\"aligncenter size-full wp-image-34762\" src=\"https:\/\/cta.clst17.mxpr.email.pecoraricloud.com.br\/~assufsmcom\/wp-content\/uploads\/2026\/04\/MG_2977-scaled-1.jpg\" alt=\"\" width=\"2560\" height=\"1707\" \/> <img decoding=\"async\" class=\"aligncenter size-full wp-image-34763\" src=\"https:\/\/cta.clst17.mxpr.email.pecoraricloud.com.br\/~assufsmcom\/wp-content\/uploads\/2026\/04\/MG_2982-scaled-1.jpg\" alt=\"\" width=\"2560\" height=\"1707\" \/> <img decoding=\"async\" class=\"aligncenter size-full wp-image-34764\" src=\"https:\/\/cta.clst17.mxpr.email.pecoraricloud.com.br\/~assufsmcom\/wp-content\/uploads\/2026\/04\/MG_2983-scaled-1.jpg\" alt=\"\" width=\"2560\" height=\"1707\" \/> <img loading=\"lazy\" decoding=\"async\" class=\"aligncenter size-full wp-image-34765\" src=\"https:\/\/cta.clst17.mxpr.email.pecoraricloud.com.br\/~assufsmcom\/wp-content\/uploads\/2026\/04\/MG_2984-scaled-1.jpg\" alt=\"\" width=\"2560\" height=\"1707\" \/> <img loading=\"lazy\" decoding=\"async\" class=\"aligncenter size-full wp-image-34766\" src=\"https:\/\/cta.clst17.mxpr.email.pecoraricloud.com.br\/~assufsmcom\/wp-content\/uploads\/2026\/04\/MG_2985-scaled-1.jpg\" alt=\"\" width=\"2560\" height=\"1707\" \/> <img loading=\"lazy\" decoding=\"async\" class=\"aligncenter size-full wp-image-34767\" src=\"https:\/\/cta.clst17.mxpr.email.pecoraricloud.com.br\/~assufsmcom\/wp-content\/uploads\/2026\/04\/MG_2987-scaled-1.jpg\" alt=\"\" width=\"2560\" height=\"1707\" \/> <img loading=\"lazy\" decoding=\"async\" class=\"aligncenter size-full wp-image-34768\" src=\"https:\/\/cta.clst17.mxpr.email.pecoraricloud.com.br\/~assufsmcom\/wp-content\/uploads\/2026\/04\/MG_2993-scaled-1.jpg\" alt=\"\" width=\"2560\" height=\"1707\" \/><\/p><\/span><\/span><\/span><\/span>\n","protected":false},"excerpt":{"rendered":"<p>A reuni\u00e3o do Comando Local de Greve (CLG), realizada na manh\u00e3 desta sexta-feira (24), no lon\u00e3o da greve, marcou o 61\u00ba dia de paralisa\u00e7\u00e3o da categoria. Durante o encontro, aprovou-se uma nota de rep\u00fadio contra a decis\u00e3o da Prefeitura de Santa Maria de ampliar a contrata\u00e7\u00e3o de monitores para as escolas municipais. Os(as) servidores(as) ressaltaram [&hellip;]<\/p>\n","protected":false},"author":4,"featured_media":29903,"comment_status":"open","ping_status":"open","sticky":false,"template":"","format":"standard","meta":{"footnotes":""},"categories":[249],"tags":[],"class_list":["post-29902","post","type-post","status-publish","format-standard","has-post-thumbnail","hentry","category-geralinformativoinicialinstitucionalnoticiaspublicacoes"],"_links":{"self":[{"href":"https:\/\/cta.clst17.mxpr.email.pecoraricloud.com.br\/~assufsmcom\/wp-json\/wp\/v2\/posts\/29902","targetHints":{"allow":["GET"]}}],"collection":[{"href":"https:\/\/cta.clst17.mxpr.email.pecoraricloud.com.br\/~assufsmcom\/wp-json\/wp\/v2\/posts"}],"about":[{"href":"https:\/\/cta.clst17.mxpr.email.pecoraricloud.com.br\/~assufsmcom\/wp-json\/wp\/v2\/types\/post"}],"author":[{"embeddable":true,"href":"https:\/\/cta.clst17.mxpr.email.pecoraricloud.com.br\/~assufsmcom\/wp-json\/wp\/v2\/users\/4"}],"replies":[{"embeddable":true,"href":"https:\/\/cta.clst17.mxpr.email.pecoraricloud.com.br\/~assufsmcom\/wp-json\/wp\/v2\/comments?post=29902"}],"version-history":[{"count":1,"href":"https:\/\/cta.clst17.mxpr.email.pecoraricloud.com.br\/~assufsmcom\/wp-json\/wp\/v2\/posts\/29902\/revisions"}],"predecessor-version":[{"id":29910,"href":"https:\/\/cta.clst17.mxpr.email.pecoraricloud.com.br\/~assufsmcom\/wp-json\/wp\/v2\/posts\/29902\/revisions\/29910"}],"wp:featuredmedia":[{"embeddable":true,"href":"https:\/\/cta.clst17.mxpr.email.pecoraricloud.com.br\/~assufsmcom\/wp-json\/wp\/v2\/media\/29903"}],"wp:attachment":[{"href":"https:\/\/cta.clst17.mxpr.email.pecoraricloud.com.br\/~assufsmcom\/wp-json\/wp\/v2\/media?parent=29902"}],"wp:term":[{"taxonomy":"category","embeddable":true,"href":"https:\/\/cta.clst17.mxpr.email.pecoraricloud.com.br\/~assufsmcom\/wp-json\/wp\/v2\/categories?post=29902"},{"taxonomy":"post_tag","embeddable":true,"href":"https:\/\/cta.clst17.mxpr.email.pecoraricloud.com.br\/~assufsmcom\/wp-json\/wp\/v2\/tags?post=29902"}],"curies":[{"name":"wp","href":"https:\/\/api.w.org\/{rel}","templated":true}]}}