{"id":29911,"date":"2026-04-24T14:38:38","date_gmt":"2026-04-24T17:38:38","guid":{"rendered":"https:\/\/cta.clst17.mxpr.email.pecoraricloud.com.br\/~assufsmcom\/2026\/04\/24\/assembleia-tematica-de-greve-vai-discutir-a-racionalizacao-dos-cargos-na-proxima-quarta-feira-29\/"},"modified":"2026-04-30T16:18:57","modified_gmt":"2026-04-30T19:18:57","slug":"assembleia-tematica-de-greve-vai-discutir-a-racionalizacao-dos-cargos-na-proxima-quarta-feira-29","status":"publish","type":"post","link":"https:\/\/cta.clst17.mxpr.email.pecoraricloud.com.br\/~assufsmcom\/2026\/04\/24\/assembleia-tematica-de-greve-vai-discutir-a-racionalizacao-dos-cargos-na-proxima-quarta-feira-29\/","title":{"rendered":"Assembleia Tem\u00e1tica de Greve vai discutir a racionaliza\u00e7\u00e3o dos cargos, na pr\u00f3xima quarta-feira (29)"},"content":{"rendered":"\n<span dir=\"auto\" style=\"vertical-align: inherit;\"><span dir=\"auto\" style=\"vertical-align: inherit;\"><span dir=\"auto\" style=\"vertical-align: inherit;\"><span dir=\"auto\" style=\"vertical-align: inherit;\"><p data-start=\"111\" data-end=\"342\">O Comando Local de Greve convoca as servidoras e servidores T\u00e9cnico Administrativos em Educa\u00e7\u00e3o para participarem da pr\u00f3xima Assembleia Tem\u00e1tica de Greve, que ser\u00e1 realizada no dia 29 de abril, \u00e0s 9h, no Audit\u00f3rio Fl\u00e1vio Miguel Schneider, no Centro de Ci\u00eancias Rurais (CCR).<\/p>\n<p data-start=\"344\" data-end=\"584\">O encontro ter\u00e1 como pauta central a racionaliza\u00e7\u00e3o dos cargos.<\/p>\n<p data-start=\"854\" data-end=\"902\" data-is-last-node=\"\" data-is-only-node=\"\"><strong><img decoding=\"async\" class=\"emoji\" role=\"img\" draggable=\"false\" src=\"https:\/\/cta.clst17.mxpr.email.pecoraricloud.com.br\/~assufsmcom\/wp-content\/uploads\/2026\/04\/270a-1f3fd.svg\" alt=\"\u270a \" \/>\u00a0TAE, participe! Fortale\u00e7a o debate e a greve da categoria!<\/strong><\/p><\/span><\/span><\/span><\/span>\n","protected":false},"excerpt":{"rendered":"<p>O Comando Local de Greve convoca as servidoras e servidores T\u00e9cnico Administrativos em Educa\u00e7\u00e3o para participarem da pr\u00f3xima Assembleia Tem\u00e1tica de Greve, que ser\u00e1 realizada no dia 29 de abril, \u00e0s 9h, no Audit\u00f3rio Fl\u00e1vio Miguel Schneider, no Centro de Ci\u00eancias Rurais (CCR). O encontro ter\u00e1 como pauta central a racionaliza\u00e7\u00e3o dos cargos. \u00a0TAE, participe! [&hellip;]<\/p>\n","protected":false},"author":4,"featured_media":29914,"comment_status":"open","ping_status":"open","sticky":false,"template":"","format":"standard","meta":{"footnotes":""},"categories":[246],"tags":[],"class_list":["post-29911","post","type-post","status-publish","format-standard","has-post-thumbnail","hentry","category-geralinformativoinicialnoticias"],"_links":{"self":[{"href":"https:\/\/cta.clst17.mxpr.email.pecoraricloud.com.br\/~assufsmcom\/wp-json\/wp\/v2\/posts\/29911","targetHints":{"allow":["GET"]}}],"collection":[{"href":"https:\/\/cta.clst17.mxpr.email.pecoraricloud.com.br\/~assufsmcom\/wp-json\/wp\/v2\/posts"}],"about":[{"href":"https:\/\/cta.clst17.mxpr.email.pecoraricloud.com.br\/~assufsmcom\/wp-json\/wp\/v2\/types\/post"}],"author":[{"embeddable":true,"href":"https:\/\/cta.clst17.mxpr.email.pecoraricloud.com.br\/~assufsmcom\/wp-json\/wp\/v2\/users\/4"}],"replies":[{"embeddable":true,"href":"https:\/\/cta.clst17.mxpr.email.pecoraricloud.com.br\/~assufsmcom\/wp-json\/wp\/v2\/comments?post=29911"}],"version-history":[{"count":1,"href":"https:\/\/cta.clst17.mxpr.email.pecoraricloud.com.br\/~assufsmcom\/wp-json\/wp\/v2\/posts\/29911\/revisions"}],"predecessor-version":[{"id":29913,"href":"https:\/\/cta.clst17.mxpr.email.pecoraricloud.com.br\/~assufsmcom\/wp-json\/wp\/v2\/posts\/29911\/revisions\/29913"}],"wp:featuredmedia":[{"embeddable":true,"href":"https:\/\/cta.clst17.mxpr.email.pecoraricloud.com.br\/~assufsmcom\/wp-json\/wp\/v2\/media\/29914"}],"wp:attachment":[{"href":"https:\/\/cta.clst17.mxpr.email.pecoraricloud.com.br\/~assufsmcom\/wp-json\/wp\/v2\/media?parent=29911"}],"wp:term":[{"taxonomy":"category","embeddable":true,"href":"https:\/\/cta.clst17.mxpr.email.pecoraricloud.com.br\/~assufsmcom\/wp-json\/wp\/v2\/categories?post=29911"},{"taxonomy":"post_tag","embeddable":true,"href":"https:\/\/cta.clst17.mxpr.email.pecoraricloud.com.br\/~assufsmcom\/wp-json\/wp\/v2\/tags?post=29911"}],"curies":[{"name":"wp","href":"https:\/\/api.w.org\/{rel}","templated":true}]}}