{"id":29917,"date":"2026-04-27T14:11:14","date_gmt":"2026-04-27T17:11:14","guid":{"rendered":"https:\/\/cta.clst17.mxpr.email.pecoraricloud.com.br\/~assufsmcom\/2026\/04\/27\/comando-local-de-greve-realiza-salchipao-no-dia-28-de-abril-na-reitoria\/"},"modified":"2026-04-27T14:11:14","modified_gmt":"2026-04-27T17:11:14","slug":"comando-local-de-greve-realiza-salchipao-no-dia-28-de-abril-na-reitoria","status":"publish","type":"post","link":"https:\/\/cta.clst17.mxpr.email.pecoraricloud.com.br\/~assufsmcom\/2026\/04\/27\/comando-local-de-greve-realiza-salchipao-no-dia-28-de-abril-na-reitoria\/","title":{"rendered":"Comando Local de Greve realiza Salchip\u00e3o no dia 28 de abril, na Reitoria"},"content":{"rendered":"\n<span dir=\"auto\" style=\"vertical-align: inherit;\"><span dir=\"auto\" style=\"vertical-align: inherit;\"><span dir=\"auto\" style=\"vertical-align: inherit;\"><span dir=\"auto\" style=\"vertical-align: inherit;\"><p data-renderer-start-pos=\"75\">O Comando Local de Greve (CLG) convida a categoria TAE para o Salchip\u00e3o da Greve, que acontece no estacionamento da Reitoria, em ato sincronizado com o Comando Nacional de Greve (CNG). A atividade ter\u00e1 in\u00edcio ap\u00f3s a reuni\u00e3o do CLG, que ser\u00e1 realizada todas as ter\u00e7as-feiras, no hall da Reitoria, \u00e0s 9h.<\/p>\n<p data-renderer-start-pos=\"379\">O encontro ser\u00e1 um momento de confraterniza\u00e7\u00e3o e tamb\u00e9m de debate sobre o atual cen\u00e1rio da greve. A a\u00e7\u00e3o ocorre em conjunto com o CNG, que estar\u00e1 presente na reuni\u00e3o com o Minist\u00e9rio da Educa\u00e7\u00e3o (MEC), \u00e0s 10h, no \u00e2mbito da Mesa Setorial de Negocia\u00e7\u00e3o Permanente.<\/p>\n<p data-renderer-start-pos=\"645\">  28 de abril<\/p>\n<p data-renderer-start-pos=\"661\">  Ap\u00f3s a reuni\u00e3o do CLG<\/p>\n<p data-renderer-start-pos=\"687\">  Estacionamento da Reitoria<\/p>\n<p data-renderer-start-pos=\"720\">TAE, participe e fortale\u00e7a o movimento!<\/p><\/span><\/span><\/span><\/span>\n","protected":false},"excerpt":{"rendered":"<p>O Comando Local de Greve (CLG) convida a categoria TAE para o Salchip\u00e3o da Greve, que acontece no estacionamento da Reitoria, em ato sincronizado com o Comando Nacional de Greve (CNG). A atividade ter\u00e1 in\u00edcio ap\u00f3s a reuni\u00e3o do CLG, que ser\u00e1 realizada todas as ter\u00e7as-feiras, no hall da Reitoria, \u00e0s 9h. O encontro ser\u00e1 [&hellip;]<\/p>\n","protected":false},"author":4,"featured_media":29918,"comment_status":"open","ping_status":"open","sticky":false,"template":"","format":"standard","meta":{"footnotes":""},"categories":[246],"tags":[],"class_list":["post-29917","post","type-post","status-publish","format-standard","has-post-thumbnail","hentry","category-geralinformativoinicialnoticias"],"_links":{"self":[{"href":"https:\/\/cta.clst17.mxpr.email.pecoraricloud.com.br\/~assufsmcom\/wp-json\/wp\/v2\/posts\/29917","targetHints":{"allow":["GET"]}}],"collection":[{"href":"https:\/\/cta.clst17.mxpr.email.pecoraricloud.com.br\/~assufsmcom\/wp-json\/wp\/v2\/posts"}],"about":[{"href":"https:\/\/cta.clst17.mxpr.email.pecoraricloud.com.br\/~assufsmcom\/wp-json\/wp\/v2\/types\/post"}],"author":[{"embeddable":true,"href":"https:\/\/cta.clst17.mxpr.email.pecoraricloud.com.br\/~assufsmcom\/wp-json\/wp\/v2\/users\/4"}],"replies":[{"embeddable":true,"href":"https:\/\/cta.clst17.mxpr.email.pecoraricloud.com.br\/~assufsmcom\/wp-json\/wp\/v2\/comments?post=29917"}],"version-history":[{"count":0,"href":"https:\/\/cta.clst17.mxpr.email.pecoraricloud.com.br\/~assufsmcom\/wp-json\/wp\/v2\/posts\/29917\/revisions"}],"wp:featuredmedia":[{"embeddable":true,"href":"https:\/\/cta.clst17.mxpr.email.pecoraricloud.com.br\/~assufsmcom\/wp-json\/wp\/v2\/media\/29918"}],"wp:attachment":[{"href":"https:\/\/cta.clst17.mxpr.email.pecoraricloud.com.br\/~assufsmcom\/wp-json\/wp\/v2\/media?parent=29917"}],"wp:term":[{"taxonomy":"category","embeddable":true,"href":"https:\/\/cta.clst17.mxpr.email.pecoraricloud.com.br\/~assufsmcom\/wp-json\/wp\/v2\/categories?post=29917"},{"taxonomy":"post_tag","embeddable":true,"href":"https:\/\/cta.clst17.mxpr.email.pecoraricloud.com.br\/~assufsmcom\/wp-json\/wp\/v2\/tags?post=29917"}],"curies":[{"name":"wp","href":"https:\/\/api.w.org\/{rel}","templated":true}]}}