{"id":29919,"date":"2026-04-27T15:31:20","date_gmt":"2026-04-27T18:31:20","guid":{"rendered":"https:\/\/cta.clst17.mxpr.email.pecoraricloud.com.br\/~assufsmcom\/2026\/04\/27\/64o-dias-de-greve-comando-local-repassa-agenda-de-atividades-e-le-ig-8-do-cng\/"},"modified":"2026-04-27T15:31:20","modified_gmt":"2026-04-27T18:31:20","slug":"64o-dias-de-greve-comando-local-repassa-agenda-de-atividades-e-le-ig-8-do-cng","status":"publish","type":"post","link":"https:\/\/cta.clst17.mxpr.email.pecoraricloud.com.br\/~assufsmcom\/2026\/04\/27\/64o-dias-de-greve-comando-local-repassa-agenda-de-atividades-e-le-ig-8-do-cng\/","title":{"rendered":"64\u00ba dias de greve: Comando Local repassa agenda de atividades e l\u00ea IG 8 do CNG"},"content":{"rendered":"\n<p><span dir=\"auto\" style=\"vertical-align: inherit;\"><span dir=\"auto\" style=\"vertical-align: inherit;\"><span dir=\"auto\" style=\"vertical-align: inherit;\"><span dir=\"auto\" style=\"vertical-align: inherit;\">Na manh\u00e3 gelada dessa segunda-feira (27), o Comando Local de Greve (CLG) reuniu-se no lon\u00e3o, para repassar a agenda de a\u00e7\u00f5es da semana e tamb\u00e9m ler o Informe de Greve 08 da FASUBRA, lan\u00e7ado no dia 24 de abril, que j\u00e1 est\u00e1 publicado no site da Assufsm e voc\u00ea confere o arquivo <a href=\"https:\/\/assufsm.com.br\/fasubra-publica-informe-de-greve-ig-n-08-2026\/\"><strong>clicando aqui<\/strong><\/a>.<\/p>\n\n\n\n<p>Na agenda de greve consta a seguinte programa\u00e7\u00e3o:<\/p>\n\n\n\n<p>\u27a1\ufe0f <strong>27\/04<\/strong> \u2013 9h \u2013 reuni\u00e3o CLG, no lon\u00e3o<\/p>\n\n\n\n<p>\u27a1\ufe0f <strong>28\/04<\/strong> \u2013 9h \u2013 reuni\u00e3o CLG, na Reitoria, com o Salship\u00e3o de greve ap\u00f3s a reuni\u00e3o | 14h \u2013 Reuni\u00e3o do Conselho do CAL, na sala 1203<\/p>\n\n\n\n<p>\u27a1\ufe0f <strong>29\/04<\/strong> \u2013 9h \u2013 Assembleia Tem\u00e1tica de Greve, no Audit\u00f3rio Fl\u00e1vio Miguel Schneider, no CCR, sobre a racionaliza\u00e7\u00e3o dos cargos | 15h30min \u2013 Movimento Unificado: Dan\u00e7a e Resist\u00eancia, no lon\u00e3o, em alus\u00e3o ao Dia Internacional da Dan\u00e7a<\/p>\n\n\n\n<p>\u27a1\ufe0f <strong>30\/04<\/strong> \u2013 9h \u2013 reuni\u00e3o CLG, no lon\u00e3o<\/p>\n\n\n\n<p>Al\u00e9m disso, o CLG ir\u00e1 planejar e organizar uma atividade para pressionar a gest\u00e3o da UFSM e a Andifes.<\/p>\n\n\n\n<p>J\u00e1 sobre o IG 8, da FASUBRA, entre os destaques, est\u00e1 o informe da reuni\u00e3o que a federa\u00e7\u00e3o ter\u00e1 com o MEC, no dia 28 de abril, \u00e0s 10h, com a Mesa Setorial de Negocia\u00e7\u00e3o Permanente. Tamb\u00e9m tem os encaminhamentos da reuni\u00e3o do CNG, do dia 24 de abril, com chamada de Assembleias de 27 de abril a 8 de maio, com o objetivo de avaliar pontos priorit\u00e1rios para negocia\u00e7\u00e3o com o governo. Ainda, o IG encaminha a orienta\u00e7\u00e3o de os CLGs realizarem atos sincronizados semanalmente, nas reitorias das universidades, para pressionar as gest\u00f5es nas negocia\u00e7\u00f5es da greve e estabelece os contatos para o envio das a\u00e7\u00f5es dos CLGs para o CNG.\u00a0Por fim, o informe apresenta o calend\u00e1rio de mobiliza\u00e7\u00f5es de abril e maio.<\/p>\n\n\n\n<p>Pelo CLG, definiu-se que a Assembleia de Greve que debater\u00e1 os pontos priorit\u00e1rios para negocia\u00e7\u00e3o com o governo ser\u00e1 realizada no dia 6 de maio, em conjunto com a Assembleia Tem\u00e1tica de Greve, que ter\u00e1 a pauta dos regimes de aposentadoria e os impactos das reformas previdenci\u00e1rias na pol\u00edtica salarial.<\/p>\n\n\n\n<p>Veja mais fotos <a href=\"https:\/\/www.facebook.com\/media\/set\/?vanity=assufsm&amp;set=a.1422790556559654\"><strong>aqui<\/strong><\/a>.<\/p>\n\n\n\n<p>TAE, participe do movimento de greve da sua categoria!<\/span><\/span><\/span><\/span><\/p>\n","protected":false},"excerpt":{"rendered":"<p>Na manh\u00e3 gelada dessa segunda-feira (27), o Comando Local de Greve (CLG) reuniu-se no lon\u00e3o, para repassar a agenda de a\u00e7\u00f5es da semana e tamb\u00e9m ler o Informe de Greve 08 da FASUBRA, lan\u00e7ado no dia 24 de abril, que j\u00e1 est\u00e1 publicado no site da Assufsm e voc\u00ea confere o arquivo clicando aqui. Na [&hellip;]<\/p>\n","protected":false},"author":4,"featured_media":29920,"comment_status":"open","ping_status":"open","sticky":false,"template":"","format":"standard","meta":{"footnotes":""},"categories":[246],"tags":[],"class_list":["post-29919","post","type-post","status-publish","format-standard","has-post-thumbnail","hentry","category-geralinformativoinicialnoticias"],"_links":{"self":[{"href":"https:\/\/cta.clst17.mxpr.email.pecoraricloud.com.br\/~assufsmcom\/wp-json\/wp\/v2\/posts\/29919","targetHints":{"allow":["GET"]}}],"collection":[{"href":"https:\/\/cta.clst17.mxpr.email.pecoraricloud.com.br\/~assufsmcom\/wp-json\/wp\/v2\/posts"}],"about":[{"href":"https:\/\/cta.clst17.mxpr.email.pecoraricloud.com.br\/~assufsmcom\/wp-json\/wp\/v2\/types\/post"}],"author":[{"embeddable":true,"href":"https:\/\/cta.clst17.mxpr.email.pecoraricloud.com.br\/~assufsmcom\/wp-json\/wp\/v2\/users\/4"}],"replies":[{"embeddable":true,"href":"https:\/\/cta.clst17.mxpr.email.pecoraricloud.com.br\/~assufsmcom\/wp-json\/wp\/v2\/comments?post=29919"}],"version-history":[{"count":0,"href":"https:\/\/cta.clst17.mxpr.email.pecoraricloud.com.br\/~assufsmcom\/wp-json\/wp\/v2\/posts\/29919\/revisions"}],"wp:featuredmedia":[{"embeddable":true,"href":"https:\/\/cta.clst17.mxpr.email.pecoraricloud.com.br\/~assufsmcom\/wp-json\/wp\/v2\/media\/29920"}],"wp:attachment":[{"href":"https:\/\/cta.clst17.mxpr.email.pecoraricloud.com.br\/~assufsmcom\/wp-json\/wp\/v2\/media?parent=29919"}],"wp:term":[{"taxonomy":"category","embeddable":true,"href":"https:\/\/cta.clst17.mxpr.email.pecoraricloud.com.br\/~assufsmcom\/wp-json\/wp\/v2\/categories?post=29919"},{"taxonomy":"post_tag","embeddable":true,"href":"https:\/\/cta.clst17.mxpr.email.pecoraricloud.com.br\/~assufsmcom\/wp-json\/wp\/v2\/tags?post=29919"}],"curies":[{"name":"wp","href":"https:\/\/api.w.org\/{rel}","templated":true}]}}