{"id":29921,"date":"2026-04-27T15:49:15","date_gmt":"2026-04-27T18:49:15","guid":{"rendered":"https:\/\/cta.clst17.mxpr.email.pecoraricloud.com.br\/~assufsmcom\/2026\/04\/27\/clg-realiza-aulao-de-ritmos-e-fitness-no-lonao-da-greve-em-comemoracao-ao-dia-nacional-da-danca\/"},"modified":"2026-04-27T15:49:15","modified_gmt":"2026-04-27T18:49:15","slug":"clg-realiza-aulao-de-ritmos-e-fitness-no-lonao-da-greve-em-comemoracao-ao-dia-nacional-da-danca","status":"publish","type":"post","link":"https:\/\/cta.clst17.mxpr.email.pecoraricloud.com.br\/~assufsmcom\/2026\/04\/27\/clg-realiza-aulao-de-ritmos-e-fitness-no-lonao-da-greve-em-comemoracao-ao-dia-nacional-da-danca\/","title":{"rendered":"CLG realiza aul\u00e3o de ritmos e fitness no Lon\u00e3o da Greve em comemora\u00e7\u00e3o ao Dia Nacional da Dan\u00e7a"},"content":{"rendered":"\n<span dir=\"auto\" style=\"vertical-align: inherit;\"><span dir=\"auto\" style=\"vertical-align: inherit;\"><span dir=\"auto\" style=\"vertical-align: inherit;\"><span dir=\"auto\" style=\"vertical-align: inherit;\"><p data-renderer-start-pos=\"98\">O Comando Local de Greve (CLG) convida toda a comunidade para participar do Aul\u00e3o de Ritmos e Fitness, que ser\u00e1 realizado no <strong data-renderer-mark=\"true\">Lon\u00e3o da Greve<\/strong>, em frente ao INPE, na <strong data-renderer-mark=\"true\">quarta-feira, dia 29 de abril<\/strong>, a partir das <strong data-renderer-mark=\"true\">15h30min<\/strong>. A atividade ser\u00e1 realizada em celebra\u00e7\u00e3o ao Dia Nacional da Dan\u00e7a.<\/p>\n<p data-renderer-start-pos=\"383\">Aberto ao p\u00fablico, o aul\u00e3o prop\u00f5e um momento de integra\u00e7\u00e3o, leveza e cuidado com a sa\u00fade f\u00edsica e mental, reunindo diferentes estilos de dan\u00e7a e exerc\u00edcios aer\u00f3bicos em uma atividade din\u00e2mica e acess\u00edvel a todos os participantes, independentemente do n\u00edvel de experi\u00eancia.<\/p>\n<p data-renderer-start-pos=\"657\">  29 de abril<\/p>\n<p data-renderer-start-pos=\"673\">  15h30<\/p>\n<p data-renderer-start-pos=\"683\">  Lon\u00e3o da Greve<\/p>\n<p data-renderer-start-pos=\"702\">TAE, participe e fortale\u00e7a o movimento!<\/p><\/span><\/span><\/span><\/span>\n","protected":false},"excerpt":{"rendered":"<p>O Comando Local de Greve (CLG) convida toda a comunidade para participar do Aul\u00e3o de Ritmos e Fitness, que ser\u00e1 realizado no Lon\u00e3o da Greve, em frente ao INPE, na quarta-feira, dia 29 de abril, a partir das 15h30min. A atividade ser\u00e1 realizada em celebra\u00e7\u00e3o ao Dia Nacional da Dan\u00e7a. Aberto ao p\u00fablico, o aul\u00e3o [&hellip;]<\/p>\n","protected":false},"author":4,"featured_media":29922,"comment_status":"open","ping_status":"open","sticky":false,"template":"","format":"standard","meta":{"footnotes":""},"categories":[246],"tags":[],"class_list":["post-29921","post","type-post","status-publish","format-standard","has-post-thumbnail","hentry","category-geralinformativoinicialnoticias"],"_links":{"self":[{"href":"https:\/\/cta.clst17.mxpr.email.pecoraricloud.com.br\/~assufsmcom\/wp-json\/wp\/v2\/posts\/29921","targetHints":{"allow":["GET"]}}],"collection":[{"href":"https:\/\/cta.clst17.mxpr.email.pecoraricloud.com.br\/~assufsmcom\/wp-json\/wp\/v2\/posts"}],"about":[{"href":"https:\/\/cta.clst17.mxpr.email.pecoraricloud.com.br\/~assufsmcom\/wp-json\/wp\/v2\/types\/post"}],"author":[{"embeddable":true,"href":"https:\/\/cta.clst17.mxpr.email.pecoraricloud.com.br\/~assufsmcom\/wp-json\/wp\/v2\/users\/4"}],"replies":[{"embeddable":true,"href":"https:\/\/cta.clst17.mxpr.email.pecoraricloud.com.br\/~assufsmcom\/wp-json\/wp\/v2\/comments?post=29921"}],"version-history":[{"count":0,"href":"https:\/\/cta.clst17.mxpr.email.pecoraricloud.com.br\/~assufsmcom\/wp-json\/wp\/v2\/posts\/29921\/revisions"}],"wp:featuredmedia":[{"embeddable":true,"href":"https:\/\/cta.clst17.mxpr.email.pecoraricloud.com.br\/~assufsmcom\/wp-json\/wp\/v2\/media\/29922"}],"wp:attachment":[{"href":"https:\/\/cta.clst17.mxpr.email.pecoraricloud.com.br\/~assufsmcom\/wp-json\/wp\/v2\/media?parent=29921"}],"wp:term":[{"taxonomy":"category","embeddable":true,"href":"https:\/\/cta.clst17.mxpr.email.pecoraricloud.com.br\/~assufsmcom\/wp-json\/wp\/v2\/categories?post=29921"},{"taxonomy":"post_tag","embeddable":true,"href":"https:\/\/cta.clst17.mxpr.email.pecoraricloud.com.br\/~assufsmcom\/wp-json\/wp\/v2\/tags?post=29921"}],"curies":[{"name":"wp","href":"https:\/\/api.w.org\/{rel}","templated":true}]}}