{"id":29925,"date":"2026-04-27T16:42:20","date_gmt":"2026-04-27T19:42:20","guid":{"rendered":"https:\/\/cta.clst17.mxpr.email.pecoraricloud.com.br\/~assufsmcom\/2026\/04\/27\/coordenacao-da-fasubra-participa-do-encontro-regional-nordeste-das-cis\/"},"modified":"2026-04-27T16:42:20","modified_gmt":"2026-04-27T19:42:20","slug":"coordenacao-da-fasubra-participa-do-encontro-regional-nordeste-das-cis","status":"publish","type":"post","link":"https:\/\/cta.clst17.mxpr.email.pecoraricloud.com.br\/~assufsmcom\/2026\/04\/27\/coordenacao-da-fasubra-participa-do-encontro-regional-nordeste-das-cis\/","title":{"rendered":"Coordena\u00e7\u00e3o da FASUBRA participa do Encontro Regional Nordeste das CIS"},"content":{"rendered":"\n<span dir=\"auto\" style=\"vertical-align: inherit;\"><span dir=\"auto\" style=\"vertical-align: inherit;\"><span dir=\"auto\" style=\"vertical-align: inherit;\"><span dir=\"auto\" style=\"vertical-align: inherit;\">Na manh\u00e3 desta sexta-feira (24), os diretores da Fasubra Sindical, Marcelo Rosa e Sandro Pimentel, participaram de uma mesa redonda, durante o Encontro Regional Nordeste das CIS, realizado no Instituto Federal do Piau\u00ed (IFPI), em Teresina.\n\nO debate contou tamb\u00e9m com a presen\u00e7a do deputado federal \u00c1tila Lira, que destacou sua atua\u00e7\u00e3o como relator do projeto de lei que implementou o Reconhecimento de Saberes e Compet\u00eancias (RSC). Em sua fala, o parlamentar apontou as dificuldades enfrentadas no processo legislativo de aprova\u00e7\u00e3o da Lei do RSC, ressaltando a impossibilidade de acatar emendas apresentadas pela categoria \u00e0 \u00e9poca da tramita\u00e7\u00e3o. \u00c1tila Lira se colocou \u00e0 disposi\u00e7\u00e3o para dialogar com a Fasubra Sindical sobre os pontos que permanecem pendentes no termo de acordo firmado com o governo.\n\nEntre os temas destacados, o deputado se pautou pela fala de Marcelo que destacou quest\u00f5es centrais como a racionaliza\u00e7\u00e3o da carreira, a revis\u00e3o do decreto de cargos e as demandas relacionadas aos aposentados e aposentadas, refor\u00e7ando a import\u00e2ncia de avan\u00e7ar na constru\u00e7\u00e3o de solu\u00e7\u00f5es conjuntas.\n\nRepresentando a Fasubra na condi\u00e7\u00e3o de integrante da CNSC-MEC, o diretor Marcelo Rosa apresentou um panorama detalhado dos avan\u00e7os j\u00e1 alcan\u00e7ados no \u00e2mbito da comiss\u00e3o, bem como dos pontos que ainda aguardam cumprimento por parte do Minist\u00e9rio da Gest\u00e3o e da Inova\u00e7\u00e3o (MGI). Entre os principais entraves, foram citadas as altera\u00e7\u00f5es necess\u00e1rias em normativas, com destaque para o Decreto n\u00ba 9.991, al\u00e9m da regulamenta\u00e7\u00e3o espec\u00edfica da pr\u00f3pria CNSC.\n\nO encontro reafirmou a import\u00e2ncia do di\u00e1logo entre entidades representativas, parlamentares e governo federal para o avan\u00e7o das pautas da categoria dos t\u00e9cnico-administrativos em educa\u00e7\u00e3o, especialmente no que se refere \u00e0 valoriza\u00e7\u00e3o da carreira e \u00e0 efetiva\u00e7\u00e3o dos compromissos firmados.\n<h4>Texto e Foto: FASUBRA<\/h4><\/span><\/span><\/span><\/span>\n","protected":false},"excerpt":{"rendered":"<p>Na manh\u00e3 desta sexta-feira (24), os diretores da Fasubra Sindical, Marcelo Rosa e Sandro Pimentel, participaram de uma mesa redonda, durante o Encontro Regional Nordeste das CIS, realizado no Instituto Federal do Piau\u00ed (IFPI), em Teresina. O debate contou tamb\u00e9m com a presen\u00e7a do deputado federal \u00c1tila Lira, que destacou sua atua\u00e7\u00e3o como relator do [&hellip;]<\/p>\n","protected":false},"author":4,"featured_media":29926,"comment_status":"open","ping_status":"open","sticky":false,"template":"","format":"standard","meta":{"footnotes":""},"categories":[246],"tags":[],"class_list":["post-29925","post","type-post","status-publish","format-standard","has-post-thumbnail","hentry","category-geralinformativoinicialnoticias"],"_links":{"self":[{"href":"https:\/\/cta.clst17.mxpr.email.pecoraricloud.com.br\/~assufsmcom\/wp-json\/wp\/v2\/posts\/29925","targetHints":{"allow":["GET"]}}],"collection":[{"href":"https:\/\/cta.clst17.mxpr.email.pecoraricloud.com.br\/~assufsmcom\/wp-json\/wp\/v2\/posts"}],"about":[{"href":"https:\/\/cta.clst17.mxpr.email.pecoraricloud.com.br\/~assufsmcom\/wp-json\/wp\/v2\/types\/post"}],"author":[{"embeddable":true,"href":"https:\/\/cta.clst17.mxpr.email.pecoraricloud.com.br\/~assufsmcom\/wp-json\/wp\/v2\/users\/4"}],"replies":[{"embeddable":true,"href":"https:\/\/cta.clst17.mxpr.email.pecoraricloud.com.br\/~assufsmcom\/wp-json\/wp\/v2\/comments?post=29925"}],"version-history":[{"count":0,"href":"https:\/\/cta.clst17.mxpr.email.pecoraricloud.com.br\/~assufsmcom\/wp-json\/wp\/v2\/posts\/29925\/revisions"}],"wp:featuredmedia":[{"embeddable":true,"href":"https:\/\/cta.clst17.mxpr.email.pecoraricloud.com.br\/~assufsmcom\/wp-json\/wp\/v2\/media\/29926"}],"wp:attachment":[{"href":"https:\/\/cta.clst17.mxpr.email.pecoraricloud.com.br\/~assufsmcom\/wp-json\/wp\/v2\/media?parent=29925"}],"wp:term":[{"taxonomy":"category","embeddable":true,"href":"https:\/\/cta.clst17.mxpr.email.pecoraricloud.com.br\/~assufsmcom\/wp-json\/wp\/v2\/categories?post=29925"},{"taxonomy":"post_tag","embeddable":true,"href":"https:\/\/cta.clst17.mxpr.email.pecoraricloud.com.br\/~assufsmcom\/wp-json\/wp\/v2\/tags?post=29925"}],"curies":[{"name":"wp","href":"https:\/\/api.w.org\/{rel}","templated":true}]}}