{"id":29929,"date":"2026-04-28T11:11:38","date_gmt":"2026-04-28T14:11:38","guid":{"rendered":"https:\/\/cta.clst17.mxpr.email.pecoraricloud.com.br\/~assufsmcom\/2026\/04\/28\/assufsm-nao-tera-expediente-no-dia-1o-de-maio-devido-ao-feriado-do-dia-do-trabalhadora\/"},"modified":"2026-04-28T11:11:38","modified_gmt":"2026-04-28T14:11:38","slug":"assufsm-nao-tera-expediente-no-dia-1o-de-maio-devido-ao-feriado-do-dia-do-trabalhadora","status":"publish","type":"post","link":"https:\/\/cta.clst17.mxpr.email.pecoraricloud.com.br\/~assufsmcom\/2026\/04\/28\/assufsm-nao-tera-expediente-no-dia-1o-de-maio-devido-ao-feriado-do-dia-do-trabalhadora\/","title":{"rendered":"Assufsm n\u00e3o ter\u00e1 expediente no dia 1\u00ba de maio devido ao feriado do Dia do Trabalhador(a)"},"content":{"rendered":"\n<span dir=\"auto\" style=\"vertical-align: inherit;\"><span dir=\"auto\" style=\"vertical-align: inherit;\"><span dir=\"auto\" style=\"vertical-align: inherit;\"><span dir=\"auto\" style=\"vertical-align: inherit;\"><p data-renderer-start-pos=\"91\">\u26a0\ufe0fAten\u00e7\u00e3o TAE!<\/p>\n<p data-renderer-start-pos=\"107\"> No dia 1\u00ba de maio, a Assufsm n\u00e3o ter\u00e1 expediente devido ao Dia do Trabalhador(a), conforme calend\u00e1rio acad\u00eamico estabelecido pela UFSM.<\/p>\n<p data-renderer-start-pos=\"246\"> O sindicato retoma suas atividades normais, das 7h \u00e0s 11h30min e das 12h30min \u00e0s 16h, no dia 4 de maio, segunda-feira, com atendimentos da Secretaria na Sede Administrativa, localizada na Rua Erly de Almeida Lima, n\u00b0 680, em Camobi.<\/p><\/span><\/span><\/span><\/span>\n","protected":false},"excerpt":{"rendered":"<p>\u26a0\ufe0fAten\u00e7\u00e3o TAE! No dia 1\u00ba de maio, a Assufsm n\u00e3o ter\u00e1 expediente devido ao Dia do Trabalhador(a), conforme calend\u00e1rio acad\u00eamico estabelecido pela UFSM. O sindicato retoma suas atividades normais, das 7h \u00e0s 11h30min e das 12h30min \u00e0s 16h, no dia 4 de maio, segunda-feira, com atendimentos da Secretaria na Sede Administrativa, localizada na Rua Erly [&hellip;]<\/p>\n","protected":false},"author":4,"featured_media":29930,"comment_status":"open","ping_status":"open","sticky":false,"template":"","format":"standard","meta":{"footnotes":""},"categories":[246],"tags":[],"class_list":["post-29929","post","type-post","status-publish","format-standard","has-post-thumbnail","hentry","category-geralinformativoinicialnoticias"],"_links":{"self":[{"href":"https:\/\/cta.clst17.mxpr.email.pecoraricloud.com.br\/~assufsmcom\/wp-json\/wp\/v2\/posts\/29929","targetHints":{"allow":["GET"]}}],"collection":[{"href":"https:\/\/cta.clst17.mxpr.email.pecoraricloud.com.br\/~assufsmcom\/wp-json\/wp\/v2\/posts"}],"about":[{"href":"https:\/\/cta.clst17.mxpr.email.pecoraricloud.com.br\/~assufsmcom\/wp-json\/wp\/v2\/types\/post"}],"author":[{"embeddable":true,"href":"https:\/\/cta.clst17.mxpr.email.pecoraricloud.com.br\/~assufsmcom\/wp-json\/wp\/v2\/users\/4"}],"replies":[{"embeddable":true,"href":"https:\/\/cta.clst17.mxpr.email.pecoraricloud.com.br\/~assufsmcom\/wp-json\/wp\/v2\/comments?post=29929"}],"version-history":[{"count":0,"href":"https:\/\/cta.clst17.mxpr.email.pecoraricloud.com.br\/~assufsmcom\/wp-json\/wp\/v2\/posts\/29929\/revisions"}],"wp:featuredmedia":[{"embeddable":true,"href":"https:\/\/cta.clst17.mxpr.email.pecoraricloud.com.br\/~assufsmcom\/wp-json\/wp\/v2\/media\/29930"}],"wp:attachment":[{"href":"https:\/\/cta.clst17.mxpr.email.pecoraricloud.com.br\/~assufsmcom\/wp-json\/wp\/v2\/media?parent=29929"}],"wp:term":[{"taxonomy":"category","embeddable":true,"href":"https:\/\/cta.clst17.mxpr.email.pecoraricloud.com.br\/~assufsmcom\/wp-json\/wp\/v2\/categories?post=29929"},{"taxonomy":"post_tag","embeddable":true,"href":"https:\/\/cta.clst17.mxpr.email.pecoraricloud.com.br\/~assufsmcom\/wp-json\/wp\/v2\/tags?post=29929"}],"curies":[{"name":"wp","href":"https:\/\/api.w.org\/{rel}","templated":true}]}}