{"id":29931,"date":"2026-05-01T08:00:17","date_gmt":"2026-05-01T11:00:17","guid":{"rendered":"https:\/\/cta.clst17.mxpr.email.pecoraricloud.com.br\/~assufsmcom\/?p=29931"},"modified":"2026-05-01T08:00:17","modified_gmt":"2026-05-01T11:00:17","slug":"1o-de-maio-dia-do-trabalhador-e-da-trabalhadora-2","status":"publish","type":"post","link":"https:\/\/cta.clst17.mxpr.email.pecoraricloud.com.br\/~assufsmcom\/2026\/05\/01\/1o-de-maio-dia-do-trabalhador-e-da-trabalhadora-2\/","title":{"rendered":"1\u00ba de maio \u2013 Dia do Trabalhador e da Trabalhadora"},"content":{"rendered":"\n<span dir=\"auto\" style=\"vertical-align: inherit;\"><span dir=\"auto\" style=\"vertical-align: inherit;\"><span dir=\"auto\" style=\"vertical-align: inherit;\"><span dir=\"auto\" style=\"vertical-align: inherit;\"><p data-renderer-start-pos=\"142\">Hoje, 1\u00ba de maio, \u00e9 comemorado o\u00a0 Dia do Trabalhador e da Trabalhadora, com o objetivo de valorizar a luta hist\u00f3rica pela conquista de direitos. A escolha da data tem rela\u00e7\u00e3o com um movimento grevista puxado por trabalhadores estadunidenses em Chicago no final do s\u00e9culo XIX, na luta pela redu\u00e7\u00e3o de expediente.<\/p>\n<p data-renderer-start-pos=\"455\">Mais do que uma data comemorativa, este \u00e9 um momento de mem\u00f3ria, luta e mobiliza\u00e7\u00e3o. Foi a partir da organiza\u00e7\u00e3o coletiva que trabalhadores e trabalhadoras garantiram avan\u00e7os fundamentais, como a redu\u00e7\u00e3o da jornada de trabalho, o direito a f\u00e9rias, sal\u00e1rio digno e condi\u00e7\u00f5es seguras de trabalho. Esses direitos, no entanto, n\u00e3o s\u00e3o permanentes e exigem vigil\u00e2ncia, uni\u00e3o e resist\u00eancia constante.<\/p>\n<p data-renderer-start-pos=\"851\">Diante dos desafios atuais, seguimos firmes na defesa do servi\u00e7o p\u00fablico de qualidade, da valoriza\u00e7\u00e3o profissional e de condi\u00e7\u00f5es justas de trabalho. \u00c9 na coletividade que encontramos for\u00e7a para enfrentar retrocessos e construir um futuro mais justo e igualit\u00e1rio.<\/p>\n<p data-renderer-start-pos=\"1117\">Neste Dia do Trabalhador(a), a Assufsm parabeniza cada trabalhador e trabalhadora que, com seu esfor\u00e7o di\u00e1rio, move a sociedade. Seguimos em greve, pois nenhum direito foi conquistado sem luta!<\/p><\/span><\/span><\/span><\/span>\n","protected":false},"excerpt":{"rendered":"<p>Hoje, 1\u00ba de maio, \u00e9 comemorado o\u00a0 Dia do Trabalhador e da Trabalhadora, com o objetivo de valorizar a luta hist\u00f3rica pela conquista de direitos. A escolha da data tem rela\u00e7\u00e3o com um movimento grevista puxado por trabalhadores estadunidenses em Chicago no final do s\u00e9culo XIX, na luta pela redu\u00e7\u00e3o de expediente. Mais do que [&hellip;]<\/p>\n","protected":false},"author":4,"featured_media":29932,"comment_status":"open","ping_status":"open","sticky":false,"template":"","format":"standard","meta":{"footnotes":""},"categories":[246],"tags":[],"class_list":["post-29931","post","type-post","status-publish","format-standard","has-post-thumbnail","hentry","category-geralinformativoinicialnoticias"],"_links":{"self":[{"href":"https:\/\/cta.clst17.mxpr.email.pecoraricloud.com.br\/~assufsmcom\/wp-json\/wp\/v2\/posts\/29931","targetHints":{"allow":["GET"]}}],"collection":[{"href":"https:\/\/cta.clst17.mxpr.email.pecoraricloud.com.br\/~assufsmcom\/wp-json\/wp\/v2\/posts"}],"about":[{"href":"https:\/\/cta.clst17.mxpr.email.pecoraricloud.com.br\/~assufsmcom\/wp-json\/wp\/v2\/types\/post"}],"author":[{"embeddable":true,"href":"https:\/\/cta.clst17.mxpr.email.pecoraricloud.com.br\/~assufsmcom\/wp-json\/wp\/v2\/users\/4"}],"replies":[{"embeddable":true,"href":"https:\/\/cta.clst17.mxpr.email.pecoraricloud.com.br\/~assufsmcom\/wp-json\/wp\/v2\/comments?post=29931"}],"version-history":[{"count":1,"href":"https:\/\/cta.clst17.mxpr.email.pecoraricloud.com.br\/~assufsmcom\/wp-json\/wp\/v2\/posts\/29931\/revisions"}],"predecessor-version":[{"id":29999,"href":"https:\/\/cta.clst17.mxpr.email.pecoraricloud.com.br\/~assufsmcom\/wp-json\/wp\/v2\/posts\/29931\/revisions\/29999"}],"wp:featuredmedia":[{"embeddable":true,"href":"https:\/\/cta.clst17.mxpr.email.pecoraricloud.com.br\/~assufsmcom\/wp-json\/wp\/v2\/media\/29932"}],"wp:attachment":[{"href":"https:\/\/cta.clst17.mxpr.email.pecoraricloud.com.br\/~assufsmcom\/wp-json\/wp\/v2\/media?parent=29931"}],"wp:term":[{"taxonomy":"category","embeddable":true,"href":"https:\/\/cta.clst17.mxpr.email.pecoraricloud.com.br\/~assufsmcom\/wp-json\/wp\/v2\/categories?post=29931"},{"taxonomy":"post_tag","embeddable":true,"href":"https:\/\/cta.clst17.mxpr.email.pecoraricloud.com.br\/~assufsmcom\/wp-json\/wp\/v2\/tags?post=29931"}],"curies":[{"name":"wp","href":"https:\/\/api.w.org\/{rel}","templated":true}]}}