{"id":29935,"date":"2026-04-28T15:48:08","date_gmt":"2026-04-28T18:48:08","guid":{"rendered":"https:\/\/cta.clst17.mxpr.email.pecoraricloud.com.br\/~assufsmcom\/2026\/04\/28\/65o-dia-de-greve-clg-se-reune-no-hall-da-reitoria-em-ato-simultaneo-ao-cng\/"},"modified":"2026-04-30T16:19:38","modified_gmt":"2026-04-30T19:19:38","slug":"65o-dia-de-greve-clg-se-reune-no-hall-da-reitoria-em-ato-simultaneo-ao-cng","status":"publish","type":"post","link":"https:\/\/cta.clst17.mxpr.email.pecoraricloud.com.br\/~assufsmcom\/2026\/04\/28\/65o-dia-de-greve-clg-se-reune-no-hall-da-reitoria-em-ato-simultaneo-ao-cng\/","title":{"rendered":"65\u00ba dia de greve: CLG se re\u00fane no Hall da Reitoria em ato simult\u00e2neo ao CNG"},"content":{"rendered":"\n<p><span dir=\"auto\" style=\"vertical-align: inherit;\"><span dir=\"auto\" style=\"vertical-align: inherit;\"><span dir=\"auto\" style=\"vertical-align: inherit;\"><span dir=\"auto\" style=\"vertical-align: inherit;\">Na manh\u00e3 de ter\u00e7a-feira (28), o Comando Local se reuniu no Hall da Reitoria. A a\u00e7\u00e3o de greve foi definida ap\u00f3s a orienta\u00e7\u00e3o do Comando Nacional, para que os CLGs tenham atos simult\u00e2neos. Hoje\u00a0 de manh\u00e3 o CLG recebeu representantes do Sinasefe que leram a Mo\u00e7\u00e3o de Apoio \u00e0 greve dos TAEs, a qual o Sinasefe aprovou em Assembleia da categoria, ocorrida na \u00faltima sexta-feira (24) e que voc\u00ea pode conferir a \u00edntegra da Mo\u00e7\u00e3o, <a href=\"https:\/\/assufsm.com.br\/sinasefe-aprova-mocao-de-apoio-a-greve-dos-taes-da-assufsm\/\"><strong>clicando aqui<\/strong><\/a>. Al\u00e9m disso, foi debatido sobre a desvaloriza\u00e7\u00e3o dos professores(as) EBTTs, vinculados ao Col\u00e9gio Polit\u00e9cnico, ao CTISM e ao Ip\u00ea Amarelo da UFSM, que teve a Coordenadora EBTT (CBTT) desativada pela Reitoria da UFSM, ficando apenas com um Grupo de Trabalho. O Sinasefe tem articulado debates sobre a pauta e distribuiu panfletos aos grevistas pedindo, e demonstrando, apoio na luta da categoria.<\/p>\n\n\n\n<p><img fetchpriority=\"high\" decoding=\"async\" class=\"aligncenter size-full wp-image-34807\" src=\"https:\/\/cta.clst17.mxpr.email.pecoraricloud.com.br\/~assufsmcom\/wp-content\/uploads\/2026\/04\/MG_3032-scaled-1.jpg\" alt=\"\" width=\"1707\" height=\"2560\" \/><\/p>\n\n\n\n<p>Os e as grevistas presentes realizaram criticas \u00e0 respeito da comemora\u00e7\u00e3o dos 100 dias da nova gest\u00e3o da UFSM, onde, em nenhuma fala, foi citado a greve da categoria TAE, que entra no seu 65\u00ba dia de greve nesse dia 28 de abril. Ap\u00f3s, uma Comiss\u00e3o foi at\u00e9 o andar da Gest\u00e3o da UFSM, convidar a Reitoria Martha Adaime e o Vice-Reitor Tiago Marchesan para debater sobre o Acordo de Greve de 2024 realizado entre a UFSM e a categoria TAE. A professora Martha estava em atividades externas, na UFSM, por\u00e9m, ao t\u00e9rmino de sua agenda, a reitora marcou presen\u00e7a na reuni\u00e3o do CLG e recebeu das m\u00e3os dos grevistas o of\u00edcio cobrando a cumprimento do acordo de greve. J\u00e1 o professor Tiago est\u00e1 em Bras\u00edlia, para o Pleno da Andifes, que ocorrer\u00e1 no dia 29 de abril. Com isso, representantes do CLG redigiram um texto e j\u00e1 encaminharam diretamente \u00e0 Tiago, com solicita\u00e7\u00f5es do movimento paredista, para que o Vice-Reitor possa ler na reuni\u00e3o da Andifes e pressionar o governo, confira:<\/p>\n\n\n\n<p><strong><em>Ao Vice-Reitor da UFSM, prof. Tiago Marchesan, representante da UFSM no Pleno da Andifes<\/em><\/strong><\/p>\n\n\n\n<p><em>A categoria dos T\u00e9cnico-Administrativos em Educa\u00e7\u00e3o est\u00e1 em greve h\u00e1 65 dias na UFSM e em mais de 50 institui\u00e7\u00f5es, reivindicando especificamente o cumprimento integral do Termo de Acordo de greve n\u2070 11\/2024 e, de maneira geral, a melhoria das condi\u00e7\u00f5es das IFEs. Desde ent\u00e3o, n\u00e3o houve abertura de negocia\u00e7\u00e3o com a categoria por parte do governo.<\/em><\/p>\n\n\n\n<p><em>A fim de dar maior visibilidade ao movimento, o Comando Nacional de Greve recomendou aos Comandos Locais de Greve que promovam a\u00e7\u00f5es nas reitorias das Institui\u00e7\u00f5es Federais de Ensino Superior, reunindo os servidores e servidoras para dialogar acerca da pauta da greve. \u00c9 o que ocorre hoje aqui em Santa Maria: o Comando Local de Greve promoveu sua reuni\u00e3o no hall da reitoria da UFSM, com dezenas de servidores presentes.<\/em><\/p>\n\n\n\n<p><em>Dada as oportunidades de di\u00e1logo que se apresentam na reuni\u00e3o do Pleno da Andifes e na reuni\u00e3o do Andifes com o Minist\u00e9rio da Educa\u00e7\u00e3o, que ocorrem nesta semana em Bras\u00edlia, solicitamos que o vice-reitor, na qualidade de representante da UFSM, insira na pauta de discuss\u00e3o da Andifes, inst\u00e2ncia de grande representatividade das IFES, o refor\u00e7o do pedido ao MEC pela reabertura do processo negocial junto \u00e0 categoria dos TAEs, para discutir os pontos n\u00e3o cumpridos Termo de Acordo n\u2070 11\/2024.<\/em><\/p>\n\n\n\n<p><em>Os TAEs da UFSM refor\u00e7am a reivindica\u00e7\u00e3o nacional da categoria por entender que a defesa da universidade p\u00fablica, gratuita e de qualidade passa diretamente pelo respeito \u00e0s reivindica\u00e7\u00f5es coletivas, especialmente aquelas com as quais o governo se comprometeu ao assinar o Termo de Acordo.<\/em><\/p>\n\n\n\n<p><em>Atenciosamente,<\/em><br><em>Comando Local de Greve dos TAEs da UFSM<\/em><br><em>Santa Maria, 28 de abril de 2026<\/em><\/p>\n\n\n\n<p>Representantes do CLG que est\u00e3o em Bras\u00edlia, no CNG, encontraram-se com o Vice-Reitor para pedir apoio \u00e0 greve dos TAEs.<\/p>\n\n\n\n<p><img decoding=\"async\" class=\"aligncenter size-full wp-image-34806\" src=\"https:\/\/cta.clst17.mxpr.email.pecoraricloud.com.br\/~assufsmcom\/wp-content\/uploads\/2026\/04\/WhatsApp-Image-2026-04-28-at-12.04.11.jpeg\" alt=\"\" width=\"1200\" height=\"1600\" \/><\/p>\n\n\n\n<p>Outro of\u00edcio escrito pelo comando local foi para cobrar o cumprimento integral do Acordo de Greve de 2024, por parte da Reitoria, e foi entregue a Reitora Martha, confira:<\/p>\n\n\n\n<p><strong><em>OF\u00cdCIO DO COMANDO LOCAL DE GREVE \u00c0 REITORIA DA UFSM<\/em><\/strong><\/p>\n\n\n\n<p><em>Assunto: Cobran\u00e7a de cumprimento de pautas do Termo de Acordo N. 001\/2024<\/em><\/p>\n\n\n\n<p><em>\u00c0 Reitoria da Universidade Federal de Santa Maria.<\/em><\/p>\n\n\n\n<p><em>O Comando Local de Greve, no uso de suas atribui\u00e7\u00f5es e em representa\u00e7\u00e3o \u00e0 categoria dos T\u00e9cnico-Administrativos em Educa\u00e7\u00e3o (TAEs), vem por meio deste manifestar a necessidade de celeridade e cumprimento efetivo das pautas constantes no Termo de Acordo N. 001\/2024.<\/em><\/p>\n\n\n\n<p><em>Ressaltamos que, conforme a Cl\u00e1usula D\u00e9cima Primeira do referido termo, as pautas elencadas no Anexo I deveriam ter seus encaminhamentos e respostas fornecidos no prazo de 180 dias. Diante do cen\u00e1rio atual, solicitamos informa\u00e7\u00f5es e provid\u00eancias imediatas acerca dos seguintes pontos:<\/em><\/p>\n\n\n\n<p><em>1. Revis\u00e3o da Resolu\u00e7\u00e3o de Flexibiliza\u00e7\u00e3o (Resolu\u00e7\u00e3o UFSM 63\/2021)<\/em><\/p>\n\n\n\n<p><em>A revis\u00e3o da Resolu\u00e7\u00e3o de Flexibiliza\u00e7\u00e3o deve contemplar as diretrizes do Governo Federal, incluindo a adequa\u00e7\u00e3o \u00e0 nota t\u00e9cnica do MGI que reconhece os discentes como p\u00fablico externo para fins de flexibiliza\u00e7\u00e3o da jornada.<\/em><\/p>\n\n\n\n<p><em>2. Comiss\u00e3o de Redimensionamento de Pessoal<\/em><\/p>\n\n\n\n<p><em>Solicitamos informa\u00e7\u00f5es sobre o estado atual da instala\u00e7\u00e3o da Comiss\u00e3o de Elabora\u00e7\u00e3o e Implementa\u00e7\u00e3o do Programa de Redimensionamento de pessoal e aloca\u00e7\u00e3o de vagas. <\/em><br><em>Este ponto \u00e9 crucial para a recomposi\u00e7\u00e3o da for\u00e7a de trabalho e equil\u00edbrio das atividades nas unidades, portanto a implementa\u00e7\u00e3o se faz urgente.<\/em><\/p>\n\n\n\n<p><em>3. F\u00f3rum Permanente de Assist\u00eancia Estudantil<\/em><\/p>\n\n\n\n<p><em>Solicitamos informa\u00e7\u00f5es sobre o andamento e reiteramos a necessidade de constitui\u00e7\u00e3o do F\u00f3rum Permanente sobre a Assist\u00eancia Estudantil.<\/em><\/p>\n\n\n\n<p><em>4. Estatuinte e Democracia Universit\u00e1ria<\/em><\/p>\n\n\n\n<p><em>Solicitamos a reabertura das discuss\u00f5es sobre a Estatuinte, processo fundamental para a autonomia e democracia plena na UFSM. O debate deve considerar o novo ordenamento jur\u00eddico (Lei 15.367\/2026) que permite a ado\u00e7\u00e3o de elei\u00e7\u00f5es parit\u00e1rias para a Reitoria, e confere peso igual entre as categorias que comp\u00f5em a comunidade universit\u00e1ria.<\/em><\/p>\n\n\n\n<p><em>5. Comiss\u00e3o Interna de Sa\u00fade do Servidor P\u00fablico<\/em><\/p>\n\n\n\n<p><em>Solicitamos informa\u00e7\u00f5es sobre o andamento da implanta\u00e7\u00e3o da Comiss\u00e3o Interna de Sa\u00fade do Servidor P\u00fablico.<\/em><\/p>\n\n\n\n<p><em>O Comando Local de Greve refor\u00e7a que as solicita\u00e7\u00f5es precisam de respostas qualitativas, tendo em vista o esgotamento dos prazos estabelecidos no termo, e declara que permanece aberto \u00e0 negocia\u00e7\u00e3o permanente.<\/em><\/p>\n\n\n\n<p><img decoding=\"async\" class=\"aligncenter size-full wp-image-34808\" src=\"https:\/\/cta.clst17.mxpr.email.pecoraricloud.com.br\/~assufsmcom\/wp-content\/uploads\/2026\/04\/WhatsApp-Image-2026-04-28-at-12.03.09-1.jpeg\" alt=\"\" width=\"1200\" height=\"1600\" \/><\/p>\n\n\n\n<p>Por fim, o Salchip\u00e3o foi servido no Hall da Reitoria, aos grevistas presentes. Veja mais fotos dessa manh\u00e3, <a href=\"https:\/\/www.facebook.com\/media\/set\/?vanity=assufsm&amp;set=a.1423654726473237\"><strong>clicando aqui<\/strong><\/a>.<\/span><\/span><\/span><\/span><\/p>\n","protected":false},"excerpt":{"rendered":"<p>Na manh\u00e3 de ter\u00e7a-feira (28), o Comando Local se reuniu no Hall da Reitoria. A a\u00e7\u00e3o de greve foi definida ap\u00f3s a orienta\u00e7\u00e3o do Comando Nacional, para que os CLGs tenham atos simult\u00e2neos. Hoje\u00a0 de manh\u00e3 o CLG recebeu representantes do Sinasefe que leram a Mo\u00e7\u00e3o de Apoio \u00e0 greve dos TAEs, a qual o [&hellip;]<\/p>\n","protected":false},"author":4,"featured_media":29936,"comment_status":"open","ping_status":"open","sticky":false,"template":"","format":"standard","meta":{"footnotes":""},"categories":[246],"tags":[],"class_list":["post-29935","post","type-post","status-publish","format-standard","has-post-thumbnail","hentry","category-geralinformativoinicialnoticias"],"_links":{"self":[{"href":"https:\/\/cta.clst17.mxpr.email.pecoraricloud.com.br\/~assufsmcom\/wp-json\/wp\/v2\/posts\/29935","targetHints":{"allow":["GET"]}}],"collection":[{"href":"https:\/\/cta.clst17.mxpr.email.pecoraricloud.com.br\/~assufsmcom\/wp-json\/wp\/v2\/posts"}],"about":[{"href":"https:\/\/cta.clst17.mxpr.email.pecoraricloud.com.br\/~assufsmcom\/wp-json\/wp\/v2\/types\/post"}],"author":[{"embeddable":true,"href":"https:\/\/cta.clst17.mxpr.email.pecoraricloud.com.br\/~assufsmcom\/wp-json\/wp\/v2\/users\/4"}],"replies":[{"embeddable":true,"href":"https:\/\/cta.clst17.mxpr.email.pecoraricloud.com.br\/~assufsmcom\/wp-json\/wp\/v2\/comments?post=29935"}],"version-history":[{"count":1,"href":"https:\/\/cta.clst17.mxpr.email.pecoraricloud.com.br\/~assufsmcom\/wp-json\/wp\/v2\/posts\/29935\/revisions"}],"predecessor-version":[{"id":29939,"href":"https:\/\/cta.clst17.mxpr.email.pecoraricloud.com.br\/~assufsmcom\/wp-json\/wp\/v2\/posts\/29935\/revisions\/29939"}],"wp:featuredmedia":[{"embeddable":true,"href":"https:\/\/cta.clst17.mxpr.email.pecoraricloud.com.br\/~assufsmcom\/wp-json\/wp\/v2\/media\/29936"}],"wp:attachment":[{"href":"https:\/\/cta.clst17.mxpr.email.pecoraricloud.com.br\/~assufsmcom\/wp-json\/wp\/v2\/media?parent=29935"}],"wp:term":[{"taxonomy":"category","embeddable":true,"href":"https:\/\/cta.clst17.mxpr.email.pecoraricloud.com.br\/~assufsmcom\/wp-json\/wp\/v2\/categories?post=29935"},{"taxonomy":"post_tag","embeddable":true,"href":"https:\/\/cta.clst17.mxpr.email.pecoraricloud.com.br\/~assufsmcom\/wp-json\/wp\/v2\/tags?post=29935"}],"curies":[{"name":"wp","href":"https:\/\/api.w.org\/{rel}","templated":true}]}}