{"id":29942,"date":"2026-04-29T11:06:17","date_gmt":"2026-04-29T14:06:17","guid":{"rendered":"https:\/\/cta.clst17.mxpr.email.pecoraricloud.com.br\/~assufsmcom\/2026\/04\/29\/dia-de-mobilizacao-e-negociacao-marca-agenda-da-fasubra-no-mec\/"},"modified":"2026-04-30T16:19:44","modified_gmt":"2026-04-30T19:19:44","slug":"dia-de-mobilizacao-e-negociacao-marca-agenda-da-fasubra-no-mec","status":"publish","type":"post","link":"https:\/\/cta.clst17.mxpr.email.pecoraricloud.com.br\/~assufsmcom\/2026\/04\/29\/dia-de-mobilizacao-e-negociacao-marca-agenda-da-fasubra-no-mec\/","title":{"rendered":"Dia de mobiliza\u00e7\u00e3o e negocia\u00e7\u00e3o marca agenda da Fasubra no MEC"},"content":{"rendered":"\n<p><span dir=\"auto\" style=\"vertical-align: inherit;\"><span dir=\"auto\" style=\"vertical-align: inherit;\"><span dir=\"auto\" style=\"vertical-align: inherit;\"><span dir=\"auto\" style=\"vertical-align: inherit;\">A ter\u00e7a-feira (28) foi marcada por mobiliza\u00e7\u00e3o e avan\u00e7os nas negocia\u00e7\u00f5es envolvendo as trabalhadoras e os trabalhadores t\u00e9cnico-administrativos em educa\u00e7\u00e3o. Na parte da manh\u00e3, o Comando Nacional de Greve (CNG) da Fasubra Sindical realizou um ato no t\u00e9rreo do Minist\u00e9rio da Educa\u00e7\u00e3o (MEC), com palavras de ordem e cobran\u00e7as para que o governo federal cumpra integralmente o acordo firmado com a categoria.<\/p>\n\n\n\n<p>Enquanto a manifesta\u00e7\u00e3o acontecia no andar t\u00e9rreo, no piso superior do minist\u00e9rio, as coordenadoras gerais da Fasubra Sindical, Cristina del Papa e Ivanilda Reis, participavam da primeira reuni\u00e3o ordin\u00e1ria da Mesa Setorial de Negocia\u00e7\u00e3o Permanente, no \u00e2mbito do MEC. O encontro tratou de pautas estrat\u00e9gicas para a categoria e avan\u00e7ou em alguns pontos considerados importantes pela entidade.<\/p>\n\n\n\n<p>Entre os temas debatidos, destaque para a quest\u00e3o das elei\u00e7\u00f5es nas universidades federais. A Fasubra reafirmou sua posi\u00e7\u00e3o hist\u00f3rica em defesa da paridade nos processos eleitorais, ressaltando o car\u00e1ter pol\u00edtico e ideol\u00f3gico da proposta. A posi\u00e7\u00e3o foi acompanhada por outras entidades representativas, e ficou definida a cria\u00e7\u00e3o de um Grupo de Trabalho (GT) para aprofundar o debate. A instala\u00e7\u00e3o do GT est\u00e1 prevista para ocorrer em at\u00e9 10 dias, sendo avaliada como um avan\u00e7o pela federa\u00e7\u00e3o.<br>Outro ponto discutido foi o tema dos adicionais ocupacionais, previsto no termo de acordo. A Fasubra solicitou a defini\u00e7\u00e3o de um cronograma espec\u00edfico para a mesa de discuss\u00e3o no MEC.<br>Durante a reuni\u00e3o, tamb\u00e9m foram solicitadas informa\u00e7\u00f5es sobre o decreto do Reconhecimento de Saberes e Compet\u00eancias (RSC). Representantes do MEC informaram que o texto j\u00e1 se encontra no MGI e deve ser encaminhado \u00e0 Casa Civil na pr\u00f3xima semana, ap\u00f3s a conclus\u00e3o dos tr\u00e2mites burocr\u00e1ticos.<\/p>\n\n\n\n<p>Em rela\u00e7\u00e3o \u00e0 jornada de trabalho de 30 horas, o MEC informou que a minuta da nota t\u00e9cnica j\u00e1 est\u00e1 finalizada no \u00e2mbito da pasta e segue em debate com o MGI, onde vem sendo defendida. A Fasubra tamb\u00e9m cobrou do minist\u00e9rio uma orienta\u00e7\u00e3o formal para reitores e gestores dos hospitais universit\u00e1rios quanto \u00e0 aplica\u00e7\u00e3o da chamada \u201c hora ficta\u201d no formato de folga, visando uniformizar o entendimento sobre o tema nas institui\u00e7\u00f5es.<\/p>\n\n\n\n<p>O dia evidenciou a combina\u00e7\u00e3o entre press\u00e3o nas ruas e negocia\u00e7\u00e3o institucional como estrat\u00e9gia da categoria na busca por avan\u00e7os concretos em suas reivindica\u00e7\u00f5es.<\/p>\n\n\n\n<p><strong>Texto e foto: Fasubra Sindical<\/strong><\/p>\n\n\n\n<p><img fetchpriority=\"high\" decoding=\"async\" class=\"aligncenter size-full wp-image-34822\" src=\"https:\/\/cta.clst17.mxpr.email.pecoraricloud.com.br\/~assufsmcom\/wp-content\/uploads\/2026\/04\/PHOTO-2026-04-28-19-47-21.jpg\" alt=\"\" width=\"1600\" height=\"900\" \/><\/p>\n\n\n\n<p>&nbsp;<\/span><\/span><\/span><\/span><\/p>\n","protected":false},"excerpt":{"rendered":"<p>A ter\u00e7a-feira (28) foi marcada por mobiliza\u00e7\u00e3o e avan\u00e7os nas negocia\u00e7\u00f5es envolvendo as trabalhadoras e os trabalhadores t\u00e9cnico-administrativos em educa\u00e7\u00e3o. Na parte da manh\u00e3, o Comando Nacional de Greve (CNG) da Fasubra Sindical realizou um ato no t\u00e9rreo do Minist\u00e9rio da Educa\u00e7\u00e3o (MEC), com palavras de ordem e cobran\u00e7as para que o governo federal cumpra [&hellip;]<\/p>\n","protected":false},"author":4,"featured_media":29943,"comment_status":"open","ping_status":"open","sticky":false,"template":"","format":"standard","meta":{"footnotes":""},"categories":[249],"tags":[],"class_list":["post-29942","post","type-post","status-publish","format-standard","has-post-thumbnail","hentry","category-geralinformativoinicialinstitucionalnoticiaspublicacoes"],"_links":{"self":[{"href":"https:\/\/cta.clst17.mxpr.email.pecoraricloud.com.br\/~assufsmcom\/wp-json\/wp\/v2\/posts\/29942","targetHints":{"allow":["GET"]}}],"collection":[{"href":"https:\/\/cta.clst17.mxpr.email.pecoraricloud.com.br\/~assufsmcom\/wp-json\/wp\/v2\/posts"}],"about":[{"href":"https:\/\/cta.clst17.mxpr.email.pecoraricloud.com.br\/~assufsmcom\/wp-json\/wp\/v2\/types\/post"}],"author":[{"embeddable":true,"href":"https:\/\/cta.clst17.mxpr.email.pecoraricloud.com.br\/~assufsmcom\/wp-json\/wp\/v2\/users\/4"}],"replies":[{"embeddable":true,"href":"https:\/\/cta.clst17.mxpr.email.pecoraricloud.com.br\/~assufsmcom\/wp-json\/wp\/v2\/comments?post=29942"}],"version-history":[{"count":1,"href":"https:\/\/cta.clst17.mxpr.email.pecoraricloud.com.br\/~assufsmcom\/wp-json\/wp\/v2\/posts\/29942\/revisions"}],"predecessor-version":[{"id":29944,"href":"https:\/\/cta.clst17.mxpr.email.pecoraricloud.com.br\/~assufsmcom\/wp-json\/wp\/v2\/posts\/29942\/revisions\/29944"}],"wp:featuredmedia":[{"embeddable":true,"href":"https:\/\/cta.clst17.mxpr.email.pecoraricloud.com.br\/~assufsmcom\/wp-json\/wp\/v2\/media\/29943"}],"wp:attachment":[{"href":"https:\/\/cta.clst17.mxpr.email.pecoraricloud.com.br\/~assufsmcom\/wp-json\/wp\/v2\/media?parent=29942"}],"wp:term":[{"taxonomy":"category","embeddable":true,"href":"https:\/\/cta.clst17.mxpr.email.pecoraricloud.com.br\/~assufsmcom\/wp-json\/wp\/v2\/categories?post=29942"},{"taxonomy":"post_tag","embeddable":true,"href":"https:\/\/cta.clst17.mxpr.email.pecoraricloud.com.br\/~assufsmcom\/wp-json\/wp\/v2\/tags?post=29942"}],"curies":[{"name":"wp","href":"https:\/\/api.w.org\/{rel}","templated":true}]}}