{"id":29945,"date":"2026-04-29T14:14:03","date_gmt":"2026-04-29T17:14:03","guid":{"rendered":"https:\/\/cta.clst17.mxpr.email.pecoraricloud.com.br\/~assufsmcom\/2026\/04\/29\/cng-tem-reuniao-e-encaminha-acoes-para-a-semana\/"},"modified":"2026-04-29T14:14:03","modified_gmt":"2026-04-29T17:14:03","slug":"cng-tem-reuniao-e-encaminha-acoes-para-a-semana","status":"publish","type":"post","link":"https:\/\/cta.clst17.mxpr.email.pecoraricloud.com.br\/~assufsmcom\/2026\/04\/29\/cng-tem-reuniao-e-encaminha-acoes-para-a-semana\/","title":{"rendered":"CNG tem reuni\u00e3o e encaminha a\u00e7\u00f5es para a semana"},"content":{"rendered":"\n<span dir=\"auto\" style=\"vertical-align: inherit;\"><span dir=\"auto\" style=\"vertical-align: inherit;\"><span dir=\"auto\" style=\"vertical-align: inherit;\"><span dir=\"auto\" style=\"vertical-align: inherit;\">O Comando Nacional de Greve (CNG) da FASUBRA iniciou a semana com reuni\u00e3o para dar continuidade ao trabalho de organiza\u00e7\u00e3o e fortalecimento da greve dos T\u00e9cnico-administrativos em Educa\u00e7\u00e3o (TAE).\n\nA reuni\u00e3o foi pautada por informes de delega\u00e7\u00f5es das entidades de base, que apresentaram o cen\u00e1rio da greve em suas respectivas institui\u00e7\u00f5es. Os relatos refor\u00e7aram a import\u00e2ncia da unidade nacional do movimento e a disposi\u00e7\u00e3o dos trabalhadores em manter o movimento paredista at\u00e9 o atendimento das reivindica\u00e7\u00f5es.\n\nOutro ponto importante da reuni\u00e3o foi a avalia\u00e7\u00f5es da conjuntura, e do cen\u00e1rio pol\u00edtico e econ\u00f4mico. Os dirigentes destacaram a necessidade de intensificar a press\u00e3o e ampliar o di\u00e1logo com parlamentares e setores da sociedade para avan\u00e7ar nas pautas da categoria.\n\nA expectativa do CNG \u00e9 de que a semana seja decisiva para se conseguir abertura de negocia\u00e7\u00e3o com o governo, mantendo a mobiliza\u00e7\u00e3o como principal instrumento de press\u00e3o.\n<h4>Foto e Texto: FASUBRA<\/h4><\/span><\/span><\/span><\/span>\n","protected":false},"excerpt":{"rendered":"<p>O Comando Nacional de Greve (CNG) da FASUBRA iniciou a semana com reuni\u00e3o para dar continuidade ao trabalho de organiza\u00e7\u00e3o e fortalecimento da greve dos T\u00e9cnico-administrativos em Educa\u00e7\u00e3o (TAE). A reuni\u00e3o foi pautada por informes de delega\u00e7\u00f5es das entidades de base, que apresentaram o cen\u00e1rio da greve em suas respectivas institui\u00e7\u00f5es. Os relatos refor\u00e7aram a [&hellip;]<\/p>\n","protected":false},"author":4,"featured_media":29946,"comment_status":"open","ping_status":"open","sticky":false,"template":"","format":"standard","meta":{"footnotes":""},"categories":[246],"tags":[],"class_list":["post-29945","post","type-post","status-publish","format-standard","has-post-thumbnail","hentry","category-geralinformativoinicialnoticias"],"_links":{"self":[{"href":"https:\/\/cta.clst17.mxpr.email.pecoraricloud.com.br\/~assufsmcom\/wp-json\/wp\/v2\/posts\/29945","targetHints":{"allow":["GET"]}}],"collection":[{"href":"https:\/\/cta.clst17.mxpr.email.pecoraricloud.com.br\/~assufsmcom\/wp-json\/wp\/v2\/posts"}],"about":[{"href":"https:\/\/cta.clst17.mxpr.email.pecoraricloud.com.br\/~assufsmcom\/wp-json\/wp\/v2\/types\/post"}],"author":[{"embeddable":true,"href":"https:\/\/cta.clst17.mxpr.email.pecoraricloud.com.br\/~assufsmcom\/wp-json\/wp\/v2\/users\/4"}],"replies":[{"embeddable":true,"href":"https:\/\/cta.clst17.mxpr.email.pecoraricloud.com.br\/~assufsmcom\/wp-json\/wp\/v2\/comments?post=29945"}],"version-history":[{"count":0,"href":"https:\/\/cta.clst17.mxpr.email.pecoraricloud.com.br\/~assufsmcom\/wp-json\/wp\/v2\/posts\/29945\/revisions"}],"wp:featuredmedia":[{"embeddable":true,"href":"https:\/\/cta.clst17.mxpr.email.pecoraricloud.com.br\/~assufsmcom\/wp-json\/wp\/v2\/media\/29946"}],"wp:attachment":[{"href":"https:\/\/cta.clst17.mxpr.email.pecoraricloud.com.br\/~assufsmcom\/wp-json\/wp\/v2\/media?parent=29945"}],"wp:term":[{"taxonomy":"category","embeddable":true,"href":"https:\/\/cta.clst17.mxpr.email.pecoraricloud.com.br\/~assufsmcom\/wp-json\/wp\/v2\/categories?post=29945"},{"taxonomy":"post_tag","embeddable":true,"href":"https:\/\/cta.clst17.mxpr.email.pecoraricloud.com.br\/~assufsmcom\/wp-json\/wp\/v2\/tags?post=29945"}],"curies":[{"name":"wp","href":"https:\/\/api.w.org\/{rel}","templated":true}]}}