{"id":29952,"date":"2026-04-29T15:12:20","date_gmt":"2026-04-29T18:12:20","guid":{"rendered":"https:\/\/cta.clst17.mxpr.email.pecoraricloud.com.br\/~assufsmcom\/2026\/04\/29\/66o-dia-de-greve-assembleia-de-greve-debate-reestruturacao-de-cargos\/"},"modified":"2026-04-30T16:20:36","modified_gmt":"2026-04-30T19:20:36","slug":"66o-dia-de-greve-assembleia-de-greve-debate-reestruturacao-de-cargos","status":"publish","type":"post","link":"https:\/\/cta.clst17.mxpr.email.pecoraricloud.com.br\/~assufsmcom\/2026\/04\/29\/66o-dia-de-greve-assembleia-de-greve-debate-reestruturacao-de-cargos\/","title":{"rendered":"66\u00ba dia de greve: Assembleia de greve debate reestrutura\u00e7\u00e3o de cargos"},"content":{"rendered":"\n<span dir=\"auto\" style=\"vertical-align: inherit;\"><span dir=\"auto\" style=\"vertical-align: inherit;\"><span dir=\"auto\" style=\"vertical-align: inherit;\"><span dir=\"auto\" style=\"vertical-align: inherit;\"><p data-start=\"155\" data-end=\"535\">Em mais uma atividade do calend\u00e1rio de mobiliza\u00e7\u00e3o da greve, a categoria t\u00e9cnico-administrativa realizou assembleia tem\u00e1tica para discutir a racionaliza\u00e7\u00e3o dos cargos e os entraves nas negocia\u00e7\u00f5es com o governo federal. O encontro evidenciou preocupa\u00e7\u00f5es com a reestrutura\u00e7\u00e3o da carreira, a cria\u00e7\u00e3o de cargos amplos e o avan\u00e7o da terceiriza\u00e7\u00e3o nas institui\u00e7\u00f5es federais de ensino.<\/p>\n\n<section class=\"text-token-text-primary w-full focus:outline-none [--shadow-height:45px] has-data-writing-block:pointer-events-none has-data-writing-block:-mt-(--shadow-height) has-data-writing-block:pt-(--shadow-height) [&amp;:has([data-writing-block])&gt;*]:pointer-events-auto R6Vx5W_threadScrollVars scroll-mb-[calc(var(--scroll-root-safe-area-inset-bottom,0px)+var(--thread-response-height))] scroll-mt-(--header-height)\" dir=\"auto\" data-turn-id=\"c0e08b9f-cb1a-4104-aa25-f1b1f2a1eb60\" data-testid=\"conversation-turn-7\" data-scroll-anchor=\"false\" data-turn=\"user\"><\/section><section class=\"text-token-text-primary w-full focus:outline-none [--shadow-height:45px] has-data-writing-block:pointer-events-none has-data-writing-block:-mt-(--shadow-height) has-data-writing-block:pt-(--shadow-height) [&amp;:has([data-writing-block])&gt;*]:pointer-events-auto [content-visibility:auto] supports-[content-visibility:auto]:[contain-intrinsic-size:auto_100lvh] R6Vx5W_threadScrollVars scroll-mb-[calc(var(--scroll-root-safe-area-inset-bottom,0px)+var(--thread-response-height))] scroll-mt-[calc(var(--header-height)+min(200px,max(70px,20svh)))]\" dir=\"auto\" data-turn-id=\"request-69f214d6-3130-83e9-bfa9-74eda75407cb-1\" data-testid=\"conversation-turn-8\" data-scroll-anchor=\"false\" data-turn=\"assistant\">\n<div class=\"text-base my-auto mx-auto pb-10 [--thread-content-margin:var(--thread-content-margin-xs,calc(var(--spacing)*4))] @w-sm\/main:[--thread-content-margin:var(--thread-content-margin-sm,calc(var(--spacing)*6))] @w-lg\/main:[--thread-content-margin:var(--thread-content-margin-lg,calc(var(--spacing)*16))] px-(--thread-content-margin)\">\n<div class=\"[--thread-content-max-width:40rem] @w-lg\/main:[--thread-content-max-width:48rem] mx-auto max-w-(--thread-content-max-width) flex-1 group\/turn-messages focus-visible:outline-hidden relative flex w-full min-w-0 flex-col agent-turn\">\n<div class=\"flex max-w-full flex-col gap-4 grow\">\n<div class=\"min-h-8 text-message relative flex w-full flex-col items-end gap-2 text-start break-words whitespace-normal outline-none keyboard-focused:focus-ring [.text-message+&amp;]:mt-1\" dir=\"auto\" tabindex=\"0\" data-message-author-role=\"assistant\" data-message-id=\"e21101fc-2330-43bf-9dcc-ab84eeb08b0b\" data-message-model-slug=\"gpt-5-3\" data-turn-start-message=\"true\">\n<div class=\"flex w-full flex-col gap-1 empty:hidden\">\n<div class=\"markdown prose dark:prose-invert w-full wrap-break-word light markdown-new-styling\">\n<p data-start=\"0\" data-end=\"344\">A assembleia foi realizada na manh\u00e3 desta quarta-feira (29), no audit\u00f3rio Fl\u00e1vio Miguel Schneider, marcando o 66\u00ba dia de greve. A atividade foi coordenada por <span class=\"hover:entity-accent entity-underline inline cursor-pointer align-baseline\"><span class=\"whitespace-normal\">Loiva Chansis<\/span><\/span>, coordenadora-geral da <span class=\"hover:entity-accent entity-underline inline cursor-pointer align-baseline\"><span class=\"whitespace-normal\">ASSUFSM<\/span><\/span> e da Fasubra, e contou com contribui\u00e7\u00f5es da TAE <span class=\"hover:entity-accent entity-underline inline cursor-pointer align-baseline\"><span class=\"whitespace-normal\">T\u00e2nia Maria Flores<\/span><\/span>.<\/p>\n<p data-start=\"346\" data-end=\"741\" data-is-last-node=\"\" data-is-only-node=\"\">Durante a assembleia, foi retomado um debate hist\u00f3rico da categoria: a necessidade de atualiza\u00e7\u00e3o dos cargos diante das transforma\u00e7\u00f5es tecnol\u00f3gicas e organizacionais no trabalho das universidades. A proposta constru\u00edda por grupos de trabalho ao longo dos \u00faltimos anos busca reorganizar fun\u00e7\u00f5es, extinguir cargos obsoletos e criar novas possibilidades de atua\u00e7\u00e3o mais alinhadas \u00e0 realidade atual.<\/p>\n\n<\/div>\n<\/div>\n<\/div>\n<\/div>\n<\/div>\n<\/div>\n<\/section>\n<p data-start=\"915\" data-end=\"1374\">No entanto, segundo os relatos apresentados, o governo, por meio do Minist\u00e9rio da Gest\u00e3o e da Inova\u00e7\u00e3o em Servi\u00e7os P\u00fablicos, rejeitou integralmente a proposta elaborada pelo GT Cargos, mesmo ap\u00f3s aprova\u00e7\u00e3o un\u00e2nime em inst\u00e2ncias nacionais da carreira. Entre os principais pontos de discord\u00e2ncia est\u00e3o as atribui\u00e7\u00f5es dos(as) t\u00e9cnico-administrativos(as), que o governo tenta restringir a fun\u00e7\u00f5es burocr\u00e1ticas, desconsiderando sua atua\u00e7\u00e3o em ensino, pesquisa e extens\u00e3o.<\/p>\n<p data-start=\"1376\" data-end=\"1847\">Outro ponto de forte preocupa\u00e7\u00e3o \u00e9 a cria\u00e7\u00e3o dos cargos amplos de \u201cT\u00e9cnico em Educa\u00e7\u00e3o\u201d e \u201cAnalista em Educa\u00e7\u00e3o\u201d para futuros concursos p\u00fablicos. A categoria avalia que a medida pode abrir espa\u00e7o para desvio de fun\u00e7\u00e3o e precariza\u00e7\u00e3o do trabalho, caso as especialidades n\u00e3o sejam explicitadas nos editais. A defesa central \u00e9 que a forma\u00e7\u00e3o espec\u00edfica dos(as) trabalhadores(as) seja respeitada, evitando que profissionais sejam alocados em \u00e1reas incompat\u00edveis com sua qualifica\u00e7\u00e3o.<\/p>\n<p data-start=\"1849\" data-end=\"2176\">Diante das limita\u00e7\u00f5es legais para a ascens\u00e3o funcional, a Assembleia destacou a equipara\u00e7\u00e3o salarial como principal estrat\u00e9gia de valoriza\u00e7\u00e3o. Muitos(as) trabalhadores(as) exercem fun\u00e7\u00f5es al\u00e9m das atribui\u00e7\u00f5es de seus cargos sem a devida remunera\u00e7\u00e3o, o que refor\u00e7a a necessidade de corre\u00e7\u00e3o dessa distor\u00e7\u00e3o. Nesse sentido, foi refor\u00e7ada a orienta\u00e7\u00e3o de que servidores(as) que estejam em poss\u00edvel desvio de fun\u00e7\u00e3o procurem a assessoria jur\u00eddica da <span class=\"hover:entity-accent entity-underline inline cursor-pointer align-baseline\"><span class=\"whitespace-normal\">ASSUFSM<\/span><\/span> para avalia\u00e7\u00e3o individual de cada caso e encaminhamentos cab\u00edveis.<\/p>\n<p data-start=\"2178\" data-end=\"2434\">Tamb\u00e9m foi debatido o avan\u00e7o da terceiriza\u00e7\u00e3o, especialmente em \u00e1reas multiprofissionais. Os(as) participantes alertaram para o risco de contratos tempor\u00e1rios se tornarem permanentes, ampliando a precariza\u00e7\u00e3o das condi\u00e7\u00f5es de trabalho dentro das universidades.<\/p>\n<p data-start=\"2178\" data-end=\"2434\">Na mesma manh\u00e3, o Comando Nacional de Greve (CNG) realizou uma atividade na <span class=\"hover:entity-accent entity-underline inline cursor-pointer align-baseline\"><span class=\"whitespace-normal\">C\u00e2mara dos Deputados<\/span><\/span>, em <span class=\"hover:entity-accent entity-underline inline cursor-pointer align-baseline\"><span class=\"whitespace-normal\">Bras\u00edlia<\/span><\/span>. Delegadas e delegados da categoria visitaram o <span class=\"hover:entity-accent entity-underline inline cursor-pointer align-baseline\"><span class=\"whitespace-normal\">Congresso Nacional<\/span><\/span> em busca de apoio parlamentar para a reabertura da mesa de negocia\u00e7\u00e3o das pautas de greve junto ao governo federal.<\/p>\n<p data-start=\"2178\" data-end=\"2434\"><img fetchpriority=\"high\" decoding=\"async\" class=\"aligncenter size-full wp-image-34892\" src=\"https:\/\/cta.clst17.mxpr.email.pecoraricloud.com.br\/~assufsmcom\/wp-content\/uploads\/2026\/04\/WhatsApp-Image-2026-04-29-at-11.32.44.jpeg\" alt=\"\" width=\"1280\" height=\"959\" \/><\/p>\n<p data-start=\"2436\" data-end=\"2478\"><img decoding=\"async\" class=\"aligncenter size-full wp-image-34845\" src=\"https:\/\/cta.clst17.mxpr.email.pecoraricloud.com.br\/~assufsmcom\/wp-content\/uploads\/2026\/04\/MG_3052-scaled-1.jpg\" alt=\"\" width=\"2560\" height=\"1707\" \/> <img decoding=\"async\" class=\"aligncenter size-full wp-image-34846\" src=\"https:\/\/cta.clst17.mxpr.email.pecoraricloud.com.br\/~assufsmcom\/wp-content\/uploads\/2026\/04\/MG_3063-scaled-1.jpg\" alt=\"\" width=\"2560\" height=\"1707\" \/> <img loading=\"lazy\" decoding=\"async\" class=\"aligncenter size-full wp-image-34847\" src=\"https:\/\/cta.clst17.mxpr.email.pecoraricloud.com.br\/~assufsmcom\/wp-content\/uploads\/2026\/04\/MG_3074-scaled-1.jpg\" alt=\"\" width=\"2560\" height=\"1707\" \/> <img loading=\"lazy\" decoding=\"async\" class=\"aligncenter size-full wp-image-34848\" src=\"https:\/\/cta.clst17.mxpr.email.pecoraricloud.com.br\/~assufsmcom\/wp-content\/uploads\/2026\/04\/MG_3075-scaled-1.jpg\" alt=\"\" width=\"2560\" height=\"1707\" \/> <img loading=\"lazy\" decoding=\"async\" class=\"aligncenter size-full wp-image-34849\" src=\"https:\/\/cta.clst17.mxpr.email.pecoraricloud.com.br\/~assufsmcom\/wp-content\/uploads\/2026\/04\/MG_3079-scaled-1.jpg\" alt=\"\" width=\"2560\" height=\"1707\" \/> <img loading=\"lazy\" decoding=\"async\" class=\"aligncenter size-full wp-image-34850\" src=\"https:\/\/cta.clst17.mxpr.email.pecoraricloud.com.br\/~assufsmcom\/wp-content\/uploads\/2026\/04\/MG_3082-scaled-1.jpg\" alt=\"\" width=\"2560\" height=\"1707\" \/> <img loading=\"lazy\" decoding=\"async\" class=\"aligncenter size-full wp-image-34851\" src=\"https:\/\/cta.clst17.mxpr.email.pecoraricloud.com.br\/~assufsmcom\/wp-content\/uploads\/2026\/04\/MG_3083-scaled-1.jpg\" alt=\"\" width=\"2560\" height=\"1707\" \/> <img loading=\"lazy\" decoding=\"async\" class=\"aligncenter size-full wp-image-34852\" src=\"https:\/\/cta.clst17.mxpr.email.pecoraricloud.com.br\/~assufsmcom\/wp-content\/uploads\/2026\/04\/MG_3084-scaled-1.jpg\" alt=\"\" width=\"2560\" height=\"1707\" \/> <img loading=\"lazy\" decoding=\"async\" class=\"aligncenter size-full wp-image-34853\" src=\"https:\/\/cta.clst17.mxpr.email.pecoraricloud.com.br\/~assufsmcom\/wp-content\/uploads\/2026\/04\/MG_3086-scaled-1.jpg\" alt=\"\" width=\"2560\" height=\"1707\" \/> <img loading=\"lazy\" decoding=\"async\" class=\"aligncenter size-full wp-image-34854\" src=\"https:\/\/cta.clst17.mxpr.email.pecoraricloud.com.br\/~assufsmcom\/wp-content\/uploads\/2026\/04\/MG_3087-scaled-1.jpg\" alt=\"\" width=\"2560\" height=\"1707\" \/> <img loading=\"lazy\" decoding=\"async\" class=\"aligncenter size-full wp-image-34855\" src=\"https:\/\/cta.clst17.mxpr.email.pecoraricloud.com.br\/~assufsmcom\/wp-content\/uploads\/2026\/04\/MG_3090-scaled-1.jpg\" alt=\"\" width=\"2560\" height=\"1707\" \/> <img loading=\"lazy\" decoding=\"async\" class=\"aligncenter size-full wp-image-34856\" src=\"https:\/\/cta.clst17.mxpr.email.pecoraricloud.com.br\/~assufsmcom\/wp-content\/uploads\/2026\/04\/MG_3093-scaled-1.jpg\" alt=\"\" width=\"2560\" height=\"1707\" \/> <img loading=\"lazy\" decoding=\"async\" class=\"aligncenter size-full wp-image-34857\" src=\"https:\/\/cta.clst17.mxpr.email.pecoraricloud.com.br\/~assufsmcom\/wp-content\/uploads\/2026\/04\/MG_3094-scaled-1.jpg\" alt=\"\" width=\"2560\" height=\"1707\" \/> <img loading=\"lazy\" decoding=\"async\" class=\"aligncenter size-full wp-image-34858\" src=\"https:\/\/cta.clst17.mxpr.email.pecoraricloud.com.br\/~assufsmcom\/wp-content\/uploads\/2026\/04\/MG_3095-scaled-1.jpg\" alt=\"\" width=\"2560\" height=\"1707\" \/> <img loading=\"lazy\" decoding=\"async\" class=\"aligncenter size-full wp-image-34859\" src=\"https:\/\/cta.clst17.mxpr.email.pecoraricloud.com.br\/~assufsmcom\/wp-content\/uploads\/2026\/04\/MG_3096-scaled-1.jpg\" alt=\"\" width=\"2560\" height=\"1707\" \/> <img loading=\"lazy\" decoding=\"async\" class=\"aligncenter size-full wp-image-34860\" src=\"https:\/\/cta.clst17.mxpr.email.pecoraricloud.com.br\/~assufsmcom\/wp-content\/uploads\/2026\/04\/MG_3097-scaled-1.jpg\" alt=\"\" width=\"2560\" height=\"1707\" \/><\/p>\n<p data-start=\"2986\" data-end=\"3224\" data-is-last-node=\"\" data-is-only-node=\"\"><\/p><\/span><\/span><\/span><\/span>\n","protected":false},"excerpt":{"rendered":"<p>Em mais uma atividade do calend\u00e1rio de mobiliza\u00e7\u00e3o da greve, a categoria t\u00e9cnico-administrativa realizou assembleia tem\u00e1tica para discutir a racionaliza\u00e7\u00e3o dos cargos e os entraves nas negocia\u00e7\u00f5es com o governo federal. O encontro evidenciou preocupa\u00e7\u00f5es com a reestrutura\u00e7\u00e3o da carreira, a cria\u00e7\u00e3o de cargos amplos e o avan\u00e7o da terceiriza\u00e7\u00e3o nas institui\u00e7\u00f5es federais de ensino. [&hellip;]<\/p>\n","protected":false},"author":4,"featured_media":29953,"comment_status":"open","ping_status":"open","sticky":false,"template":"","format":"standard","meta":{"footnotes":""},"categories":[249],"tags":[],"class_list":["post-29952","post","type-post","status-publish","format-standard","has-post-thumbnail","hentry","category-geralinformativoinicialinstitucionalnoticiaspublicacoes"],"_links":{"self":[{"href":"https:\/\/cta.clst17.mxpr.email.pecoraricloud.com.br\/~assufsmcom\/wp-json\/wp\/v2\/posts\/29952","targetHints":{"allow":["GET"]}}],"collection":[{"href":"https:\/\/cta.clst17.mxpr.email.pecoraricloud.com.br\/~assufsmcom\/wp-json\/wp\/v2\/posts"}],"about":[{"href":"https:\/\/cta.clst17.mxpr.email.pecoraricloud.com.br\/~assufsmcom\/wp-json\/wp\/v2\/types\/post"}],"author":[{"embeddable":true,"href":"https:\/\/cta.clst17.mxpr.email.pecoraricloud.com.br\/~assufsmcom\/wp-json\/wp\/v2\/users\/4"}],"replies":[{"embeddable":true,"href":"https:\/\/cta.clst17.mxpr.email.pecoraricloud.com.br\/~assufsmcom\/wp-json\/wp\/v2\/comments?post=29952"}],"version-history":[{"count":1,"href":"https:\/\/cta.clst17.mxpr.email.pecoraricloud.com.br\/~assufsmcom\/wp-json\/wp\/v2\/posts\/29952\/revisions"}],"predecessor-version":[{"id":29970,"href":"https:\/\/cta.clst17.mxpr.email.pecoraricloud.com.br\/~assufsmcom\/wp-json\/wp\/v2\/posts\/29952\/revisions\/29970"}],"wp:featuredmedia":[{"embeddable":true,"href":"https:\/\/cta.clst17.mxpr.email.pecoraricloud.com.br\/~assufsmcom\/wp-json\/wp\/v2\/media\/29953"}],"wp:attachment":[{"href":"https:\/\/cta.clst17.mxpr.email.pecoraricloud.com.br\/~assufsmcom\/wp-json\/wp\/v2\/media?parent=29952"}],"wp:term":[{"taxonomy":"category","embeddable":true,"href":"https:\/\/cta.clst17.mxpr.email.pecoraricloud.com.br\/~assufsmcom\/wp-json\/wp\/v2\/categories?post=29952"},{"taxonomy":"post_tag","embeddable":true,"href":"https:\/\/cta.clst17.mxpr.email.pecoraricloud.com.br\/~assufsmcom\/wp-json\/wp\/v2\/tags?post=29952"}],"curies":[{"name":"wp","href":"https:\/\/api.w.org\/{rel}","templated":true}]}}