{"id":29977,"date":"2026-04-30T13:55:55","date_gmt":"2026-04-30T16:55:55","guid":{"rendered":"https:\/\/cta.clst17.mxpr.email.pecoraricloud.com.br\/~assufsmcom\/2026\/04\/30\/67o-dia-de-greve-reuniao-no-lonao-fortalece-base-e-clg-organiza-agenda-da-proxima-semana\/"},"modified":"2026-04-30T16:21:07","modified_gmt":"2026-04-30T19:21:07","slug":"67o-dia-de-greve-reuniao-no-lonao-fortalece-base-e-clg-organiza-agenda-da-proxima-semana","status":"publish","type":"post","link":"https:\/\/cta.clst17.mxpr.email.pecoraricloud.com.br\/~assufsmcom\/2026\/04\/30\/67o-dia-de-greve-reuniao-no-lonao-fortalece-base-e-clg-organiza-agenda-da-proxima-semana\/","title":{"rendered":"67\u00ba dia de greve: reuni\u00e3o no lon\u00e3o fortalece base e CLG organiza agenda da pr\u00f3xima semana"},"content":{"rendered":"\n<span dir=\"auto\" style=\"vertical-align: inherit;\"><span dir=\"auto\" style=\"vertical-align: inherit;\"><span dir=\"auto\" style=\"vertical-align: inherit;\"><span dir=\"auto\" style=\"vertical-align: inherit;\"><section class=\"text-token-text-primary w-full focus:outline-none [--shadow-height:45px] has-data-writing-block:pointer-events-none has-data-writing-block:-mt-(--shadow-height) has-data-writing-block:pt-(--shadow-height) [&amp;:has([data-writing-block])&gt;*]:pointer-events-auto R6Vx5W_threadScrollVars scroll-mb-[calc(var(--scroll-root-safe-area-inset-bottom,0px)+var(--thread-response-height))] scroll-mt-(--header-height)\" dir=\"auto\" data-turn-id=\"9ba3f3a9-71d8-4c0d-8a35-ceb006d1fe29\" data-testid=\"conversation-turn-1\" data-scroll-anchor=\"false\" data-turn=\"user\"><\/section><section class=\"text-token-text-primary w-full focus:outline-none [--shadow-height:45px] has-data-writing-block:pointer-events-none has-data-writing-block:-mt-(--shadow-height) has-data-writing-block:pt-(--shadow-height) [&amp;:has([data-writing-block])&gt;*]:pointer-events-auto [content-visibility:auto] supports-[content-visibility:auto]:[contain-intrinsic-size:auto_100lvh] R6Vx5W_threadScrollVars scroll-mb-[calc(var(--scroll-root-safe-area-inset-bottom,0px)+var(--thread-response-height))] scroll-mt-[calc(var(--header-height)+min(200px,max(70px,20svh)))]\" dir=\"auto\" data-turn-id=\"request-WEB:e4ecd11b-6d46-405e-b8fd-7de326eed817-0\" data-testid=\"conversation-turn-2\" data-scroll-anchor=\"false\" data-turn=\"assistant\">\n<div class=\"text-base my-auto mx-auto pb-10 [--thread-content-margin:var(--thread-content-margin-xs,calc(var(--spacing)*4))] @w-sm\/main:[--thread-content-margin:var(--thread-content-margin-sm,calc(var(--spacing)*6))] @w-lg\/main:[--thread-content-margin:var(--thread-content-margin-lg,calc(var(--spacing)*16))] px-(--thread-content-margin)\">\n<div class=\"[--thread-content-max-width:40rem] @w-lg\/main:[--thread-content-max-width:48rem] mx-auto max-w-(--thread-content-max-width) flex-1 group\/turn-messages focus-visible:outline-hidden relative flex w-full min-w-0 flex-col agent-turn\">\n<div class=\"flex max-w-full flex-col gap-4 grow\">\n<div class=\"min-h-8 text-message relative flex w-full flex-col items-end gap-2 text-start break-words whitespace-normal outline-none keyboard-focused:focus-ring [.text-message+&amp;]:mt-1\" dir=\"auto\" tabindex=\"0\" data-message-author-role=\"assistant\" data-message-id=\"46ad7758-b1ea-43c4-b766-b3d667ff885f\" data-message-model-slug=\"gpt-5-3\" data-turn-start-message=\"true\">\n<div class=\"flex w-full flex-col gap-1 empty:hidden\">\n<div class=\"markdown prose dark:prose-invert w-full wrap-break-word light markdown-new-styling\">\n<p data-start=\"0\" data-end=\"447\">No 67\u00ba dia de greve, a mobiliza\u00e7\u00e3o segue firme e organizada. Nesta quinta-feira (30), foi realizada mais uma reuni\u00e3o no lon\u00e3o da greve, reunindo servidores(as) para avaliar o momento do movimento e encaminhar as pr\u00f3ximas a\u00e7\u00f5es. Durante o encontro, foram apresentados informes de base, com destaque para a presen\u00e7a do CLG na reuni\u00e3o do conselho do CAL na \u00faltima segunda-feira (27), fortalecendo o di\u00e1logo e a articula\u00e7\u00e3o entre as inst\u00e2ncias. A categoria tamb\u00e9m deu continuidade \u00e0 constru\u00e7\u00e3o da linha do tempo das greves e mobiliza\u00e7\u00f5es, que est\u00e1 sendo organizada e exposta na pr\u00f3pria estrutura do lon\u00e3o.<\/p>\n<p data-start=\"449\" data-end=\"727\" data-is-last-node=\"\" data-is-only-node=\"\">Al\u00e9m disso, o CLG segue ativo na constru\u00e7\u00e3o da agenda de greve da pr\u00f3xima semana, buscando ampliar a participa\u00e7\u00e3o e intensificar as atividades de mobiliza\u00e7\u00e3o.<\/p>\n\n<\/div>\n<\/div>\n<\/div>\n<\/div>\n<\/div>\n<\/div>\n<\/section><strong>Confira a agenda de greve para a pr\u00f3xima semana (04 a 08\/05):<\/strong>\n\n\u27a1\ufe0f 04\/05 &#8211; 9h &#8211; Reuni\u00e3o do CLG no Lon\u00e3o\n\n\u27a1\ufe0f 05\/05 &#8211; 9h &#8211; Reuni\u00e3o do CLG na Reitoria; Ap\u00f3s, Salchip\u00e3o de greve\n\n\u27a1\ufe0f 06\/05 &#8211; 9h &#8211; Reuni\u00e3o do CLG no Lon\u00e3o\n\n14h &#8211; Assembleia Tem\u00e1tica de Greve sobre Regimes Previdenci\u00e1rios; Informes, avalia\u00e7\u00e3o e encaminhamentos; Retirada de delegados(as) para o CNG\n\n\u27a1\ufe0f 07\/05 &#8211; 9h &#8211; Reuni\u00e3o do CLG no Lon\u00e3o\n\n\u27a1\ufe0f 08\/05 &#8211; 9h &#8211; Reuni\u00e3o do CLG no Lon\u00e3o\n\n<img fetchpriority=\"high\" decoding=\"async\" class=\"aligncenter size-full wp-image-34871\" src=\"https:\/\/cta.clst17.mxpr.email.pecoraricloud.com.br\/~assufsmcom\/wp-content\/uploads\/2026\/04\/MG_3266-scaled-1.jpg\" alt=\"\" width=\"2560\" height=\"1707\" \/> <img decoding=\"async\" class=\"aligncenter size-full wp-image-34872\" src=\"https:\/\/cta.clst17.mxpr.email.pecoraricloud.com.br\/~assufsmcom\/wp-content\/uploads\/2026\/04\/MG_3263-scaled-1.jpg\" alt=\"\" width=\"2560\" height=\"1707\" \/> <img decoding=\"async\" class=\"aligncenter size-full wp-image-34873\" src=\"https:\/\/cta.clst17.mxpr.email.pecoraricloud.com.br\/~assufsmcom\/wp-content\/uploads\/2026\/04\/MG_3264-scaled-1.jpg\" alt=\"\" width=\"2560\" height=\"1707\" \/> <img loading=\"lazy\" decoding=\"async\" class=\"aligncenter size-full wp-image-34874\" src=\"https:\/\/cta.clst17.mxpr.email.pecoraricloud.com.br\/~assufsmcom\/wp-content\/uploads\/2026\/04\/MG_3265-scaled-1.jpg\" alt=\"\" width=\"2560\" height=\"1707\" \/> <img loading=\"lazy\" decoding=\"async\" class=\"aligncenter size-full wp-image-34875\" src=\"https:\/\/cta.clst17.mxpr.email.pecoraricloud.com.br\/~assufsmcom\/wp-content\/uploads\/2026\/04\/MG_3269-scaled-1.jpg\" alt=\"\" width=\"2560\" height=\"1707\" \/> <img loading=\"lazy\" decoding=\"async\" class=\"aligncenter size-full wp-image-34876\" src=\"https:\/\/cta.clst17.mxpr.email.pecoraricloud.com.br\/~assufsmcom\/wp-content\/uploads\/2026\/04\/MG_3272-scaled-1.jpg\" alt=\"\" width=\"2560\" height=\"1707\" \/><\/span><\/span><\/span><\/span>\n","protected":false},"excerpt":{"rendered":"<p>No 67\u00ba dia de greve, a mobiliza\u00e7\u00e3o segue firme e organizada. Nesta quinta-feira (30), foi realizada mais uma reuni\u00e3o no lon\u00e3o da greve, reunindo servidores(as) para avaliar o momento do movimento e encaminhar as pr\u00f3ximas a\u00e7\u00f5es. Durante o encontro, foram apresentados informes de base, com destaque para a presen\u00e7a do CLG na reuni\u00e3o do conselho [&hellip;]<\/p>\n","protected":false},"author":4,"featured_media":29978,"comment_status":"open","ping_status":"open","sticky":false,"template":"","format":"standard","meta":{"footnotes":""},"categories":[249],"tags":[],"class_list":["post-29977","post","type-post","status-publish","format-standard","has-post-thumbnail","hentry","category-geralinformativoinicialinstitucionalnoticiaspublicacoes"],"_links":{"self":[{"href":"https:\/\/cta.clst17.mxpr.email.pecoraricloud.com.br\/~assufsmcom\/wp-json\/wp\/v2\/posts\/29977","targetHints":{"allow":["GET"]}}],"collection":[{"href":"https:\/\/cta.clst17.mxpr.email.pecoraricloud.com.br\/~assufsmcom\/wp-json\/wp\/v2\/posts"}],"about":[{"href":"https:\/\/cta.clst17.mxpr.email.pecoraricloud.com.br\/~assufsmcom\/wp-json\/wp\/v2\/types\/post"}],"author":[{"embeddable":true,"href":"https:\/\/cta.clst17.mxpr.email.pecoraricloud.com.br\/~assufsmcom\/wp-json\/wp\/v2\/users\/4"}],"replies":[{"embeddable":true,"href":"https:\/\/cta.clst17.mxpr.email.pecoraricloud.com.br\/~assufsmcom\/wp-json\/wp\/v2\/comments?post=29977"}],"version-history":[{"count":1,"href":"https:\/\/cta.clst17.mxpr.email.pecoraricloud.com.br\/~assufsmcom\/wp-json\/wp\/v2\/posts\/29977\/revisions"}],"predecessor-version":[{"id":29984,"href":"https:\/\/cta.clst17.mxpr.email.pecoraricloud.com.br\/~assufsmcom\/wp-json\/wp\/v2\/posts\/29977\/revisions\/29984"}],"wp:featuredmedia":[{"embeddable":true,"href":"https:\/\/cta.clst17.mxpr.email.pecoraricloud.com.br\/~assufsmcom\/wp-json\/wp\/v2\/media\/29978"}],"wp:attachment":[{"href":"https:\/\/cta.clst17.mxpr.email.pecoraricloud.com.br\/~assufsmcom\/wp-json\/wp\/v2\/media?parent=29977"}],"wp:term":[{"taxonomy":"category","embeddable":true,"href":"https:\/\/cta.clst17.mxpr.email.pecoraricloud.com.br\/~assufsmcom\/wp-json\/wp\/v2\/categories?post=29977"},{"taxonomy":"post_tag","embeddable":true,"href":"https:\/\/cta.clst17.mxpr.email.pecoraricloud.com.br\/~assufsmcom\/wp-json\/wp\/v2\/tags?post=29977"}],"curies":[{"name":"wp","href":"https:\/\/api.w.org\/{rel}","templated":true}]}}