{"id":29987,"date":"2026-04-30T14:18:57","date_gmt":"2026-04-30T17:18:57","guid":{"rendered":"https:\/\/cta.clst17.mxpr.email.pecoraricloud.com.br\/~assufsmcom\/2026\/04\/30\/assufsm-realiza-movimento-unificado-de-danca-e-resistencia-em-alusao-ao-dia-internacional-da-danca\/"},"modified":"2026-04-30T14:18:57","modified_gmt":"2026-04-30T17:18:57","slug":"assufsm-realiza-movimento-unificado-de-danca-e-resistencia-em-alusao-ao-dia-internacional-da-danca","status":"publish","type":"post","link":"https:\/\/cta.clst17.mxpr.email.pecoraricloud.com.br\/~assufsmcom\/2026\/04\/30\/assufsm-realiza-movimento-unificado-de-danca-e-resistencia-em-alusao-ao-dia-internacional-da-danca\/","title":{"rendered":"Assufsm realiza Movimento Unificado de Dan\u00e7a e Resist\u00eancia em alus\u00e3o ao Dia Internacional da Dan\u00e7a"},"content":{"rendered":"\n<p><span dir=\"auto\" style=\"vertical-align: inherit;\"><span dir=\"auto\" style=\"vertical-align: inherit;\"><span dir=\"auto\" style=\"vertical-align: inherit;\"><span dir=\"auto\" style=\"vertical-align: inherit;\"><span style=\"font-weight: 400;\">Um movimento que uniu arte, luta e express\u00e3o marcou a tarde desta quarta-feira (29), em celebra\u00e7\u00e3o ao Dia Internacional da Dan\u00e7a. Em meio \u00e0 greve, a Assufsm promoveu uma atividade especial em parceria com professores(as) de dan\u00e7a, transformando o espa\u00e7o do Lon\u00e3o da Greve em um palco de resist\u00eancia e coletividade.<\/span><\/p>\n\n\n\n<p><span style=\"font-weight: 400;\">A partir das 15h30, servidores(as) e a comunidade puderam participar de uma aula aberta de ritmos e fitness, que reuniu diferentes estilos e colocou todos e todas para se movimentar. Mais do que uma pr\u00e1tica corporal, a a\u00e7\u00e3o buscou fortalecer o esp\u00edrito de uni\u00e3o entre os e as participantes, destacando a dan\u00e7a como ferramenta de express\u00e3o pol\u00edtica e social.<\/span><\/p>\n\n\n\n<p><span style=\"font-weight: 400;\">A iniciativa surge como uma forma de manter a mobiliza\u00e7\u00e3o ativa durante a greve, ao mesmo tempo em que promove bem-estar e integra\u00e7\u00e3o. A atividade atraiu um p\u00fablico animado, que acompanhou coreografias coletivas e celebrou o momento com energia.<\/span><\/p>\n\n\n\n<p>Confira mais fotos dessa tarde de integra\u00e7\u00e3o, <a href=\"https:\/\/www.facebook.com\/media\/set\/?set=a.1425384672966909&amp;type=3\"><strong>clicando aqui<\/strong><\/a>.<\/span><\/span><\/span><\/span><\/p>\n","protected":false},"excerpt":{"rendered":"<p>Um movimento que uniu arte, luta e express\u00e3o marcou a tarde desta quarta-feira (29), em celebra\u00e7\u00e3o ao Dia Internacional da Dan\u00e7a. Em meio \u00e0 greve, a Assufsm promoveu uma atividade especial em parceria com professores(as) de dan\u00e7a, transformando o espa\u00e7o do Lon\u00e3o da Greve em um palco de resist\u00eancia e coletividade. A partir das 15h30, [&hellip;]<\/p>\n","protected":false},"author":4,"featured_media":29988,"comment_status":"open","ping_status":"open","sticky":false,"template":"","format":"standard","meta":{"footnotes":""},"categories":[246],"tags":[],"class_list":["post-29987","post","type-post","status-publish","format-standard","has-post-thumbnail","hentry","category-geralinformativoinicialnoticias"],"_links":{"self":[{"href":"https:\/\/cta.clst17.mxpr.email.pecoraricloud.com.br\/~assufsmcom\/wp-json\/wp\/v2\/posts\/29987","targetHints":{"allow":["GET"]}}],"collection":[{"href":"https:\/\/cta.clst17.mxpr.email.pecoraricloud.com.br\/~assufsmcom\/wp-json\/wp\/v2\/posts"}],"about":[{"href":"https:\/\/cta.clst17.mxpr.email.pecoraricloud.com.br\/~assufsmcom\/wp-json\/wp\/v2\/types\/post"}],"author":[{"embeddable":true,"href":"https:\/\/cta.clst17.mxpr.email.pecoraricloud.com.br\/~assufsmcom\/wp-json\/wp\/v2\/users\/4"}],"replies":[{"embeddable":true,"href":"https:\/\/cta.clst17.mxpr.email.pecoraricloud.com.br\/~assufsmcom\/wp-json\/wp\/v2\/comments?post=29987"}],"version-history":[{"count":0,"href":"https:\/\/cta.clst17.mxpr.email.pecoraricloud.com.br\/~assufsmcom\/wp-json\/wp\/v2\/posts\/29987\/revisions"}],"wp:featuredmedia":[{"embeddable":true,"href":"https:\/\/cta.clst17.mxpr.email.pecoraricloud.com.br\/~assufsmcom\/wp-json\/wp\/v2\/media\/29988"}],"wp:attachment":[{"href":"https:\/\/cta.clst17.mxpr.email.pecoraricloud.com.br\/~assufsmcom\/wp-json\/wp\/v2\/media?parent=29987"}],"wp:term":[{"taxonomy":"category","embeddable":true,"href":"https:\/\/cta.clst17.mxpr.email.pecoraricloud.com.br\/~assufsmcom\/wp-json\/wp\/v2\/categories?post=29987"},{"taxonomy":"post_tag","embeddable":true,"href":"https:\/\/cta.clst17.mxpr.email.pecoraricloud.com.br\/~assufsmcom\/wp-json\/wp\/v2\/tags?post=29987"}],"curies":[{"name":"wp","href":"https:\/\/api.w.org\/{rel}","templated":true}]}}