{"id":29989,"date":"2026-04-30T14:17:19","date_gmt":"2026-04-30T17:17:19","guid":{"rendered":"https:\/\/cta.clst17.mxpr.email.pecoraricloud.com.br\/~assufsmcom\/2026\/04\/30\/assembleia-tematica-de-greve-debate-regimes-previdenciarios-e-outros-temas-na-quarta-feira-06\/"},"modified":"2026-04-30T14:17:19","modified_gmt":"2026-04-30T17:17:19","slug":"assembleia-tematica-de-greve-debate-regimes-previdenciarios-e-outros-temas-na-quarta-feira-06","status":"publish","type":"post","link":"https:\/\/cta.clst17.mxpr.email.pecoraricloud.com.br\/~assufsmcom\/2026\/04\/30\/assembleia-tematica-de-greve-debate-regimes-previdenciarios-e-outros-temas-na-quarta-feira-06\/","title":{"rendered":"Assembleia tem\u00e1tica de greve debate regimes previdenci\u00e1rios e outros temas na quarta-feira (06)"},"content":{"rendered":"\n<span dir=\"auto\" style=\"vertical-align: inherit;\"><span dir=\"auto\" style=\"vertical-align: inherit;\"><span dir=\"auto\" style=\"vertical-align: inherit;\"><span dir=\"auto\" style=\"vertical-align: inherit;\"><div class=\"\" data-block=\"true\" data-editor=\"33q55\" data-offset-key=\"3life-0-0\">\n<div class=\"_1mf _1mj\" data-offset-key=\"3life-0-0\">O Comando Local de Greve (CLG) convoca a categoria para participare da pr\u00f3xima Assembleia Tem\u00e1tica de Greve, que ser\u00e1 realizada na quarta-feira, dia 06 de maio, \u00e0s 14h, no Audit\u00f3rio Wilson Aita do Centro de Tecnologia.<\/div>\n<\/div>\n<div class=\"\" data-block=\"true\" data-editor=\"33q55\" data-offset-key=\"3qt0j-0-0\">\n<div class=\"_1mf _1mj\" data-offset-key=\"3qt0j-0-0\"><span data-offset-key=\"3qt0j-0-0\">\u00a0<\/span><\/div>\n<\/div>\n<div class=\"\" data-block=\"true\" data-editor=\"33q55\" data-offset-key=\"jfrl-0-0\">\n<div class=\"_1mf _1mj\" data-offset-key=\"jfrl-0-0\"><span data-offset-key=\"jfrl-0-0\">Confira a pauta:<\/span><\/div>\n<\/div>\n<div class=\"\" data-block=\"true\" data-editor=\"33q55\" data-offset-key=\"e92di-0-0\">\n<div class=\"_1mf _1mj\" data-offset-key=\"e92di-0-0\"><span data-offset-key=\"e92di-0-0\">\u00a0<\/span><\/div>\n<\/div>\n<div class=\"\" data-block=\"true\" data-editor=\"33q55\" data-offset-key=\"4gk59-0-0\">\n<div class=\"_1mf _1mj\" data-offset-key=\"4gk59-0-0\"><span data-offset-key=\"4gk59-0-0\">\u27a1\ufe0f Regimes de aposentadoria e os impactos das reformas previdenci\u00e1rias na pol\u00edtica salarial, com a presen\u00e7a do advogado Heverton Padilha do escrit\u00f3rio Wagner Advogados Associados;<\/span><\/div>\n<\/div>\n<div class=\"\" data-block=\"true\" data-editor=\"33q55\" data-offset-key=\"1fsfl-0-0\">\n<div class=\"_1mf _1mj\" data-offset-key=\"1fsfl-0-0\"><span data-offset-key=\"1fsfl-0-0\">\u27a1\ufe0f Informes, avalia\u00e7\u00e3o de conjuntura e encaminhamentos;<\/span><\/div>\n<\/div>\n<div class=\"\" data-block=\"true\" data-editor=\"33q55\" data-offset-key=\"6egct-0-0\">\n<div class=\"_1mf _1mj\" data-offset-key=\"6egct-0-0\"><span data-offset-key=\"6egct-0-0\">\u27a1\ufe0f Retirada de delegados(as) para o CNG.<\/span><\/div>\n<\/div>\n<div class=\"\" data-block=\"true\" data-editor=\"33q55\" data-offset-key=\"4fpvr-0-0\">\n<div class=\"_1mf _1mj\" data-offset-key=\"4fpvr-0-0\"><span data-offset-key=\"4fpvr-0-0\">\u00a0<\/span><\/div>\n<\/div>\n<div class=\"\" data-block=\"true\" data-editor=\"33q55\" data-offset-key=\"8qk8m-0-0\">\n<div class=\"_1mf _1mj\" data-offset-key=\"8qk8m-0-0\"><span data-offset-key=\"8qk8m-0-0\">A participa\u00e7\u00e3o de todos(as) \u00e9 fundamental para fortalecer a organiza\u00e7\u00e3o coletiva e deliberar sobre os pr\u00f3ximos passos da mobiliza\u00e7\u00e3o.<\/span><\/div>\n<\/div>\n<div class=\"\" data-block=\"true\" data-editor=\"33q55\" data-offset-key=\"53c8c-0-0\">\n<div class=\"_1mf _1mj\" data-offset-key=\"53c8c-0-0\"><span data-offset-key=\"53c8c-0-0\">\u00a0<\/span><\/div>\n<\/div>\n<div class=\"\" data-block=\"true\" data-editor=\"33q55\" data-offset-key=\"5o74n-0-0\">\n<div class=\"_1mf _1mj\" data-offset-key=\"5o74n-0-0\"><span data-offset-key=\"5o74n-0-0\">\u270a TAE, participe! Sua presen\u00e7a faz a diferen\u00e7a.<\/span><\/div>\n<\/div><\/span><\/span><\/span><\/span>\n","protected":false},"excerpt":{"rendered":"<p>O Comando Local de Greve (CLG) convoca a categoria para participare da pr\u00f3xima Assembleia Tem\u00e1tica de Greve, que ser\u00e1 realizada na quarta-feira, dia 06 de maio, \u00e0s 14h, no Audit\u00f3rio Wilson Aita do Centro de Tecnologia. \u00a0 Confira a pauta: \u00a0 \u27a1\ufe0f Regimes de aposentadoria e os impactos das reformas previdenci\u00e1rias na pol\u00edtica salarial, com [&hellip;]<\/p>\n","protected":false},"author":4,"featured_media":29990,"comment_status":"open","ping_status":"open","sticky":false,"template":"","format":"standard","meta":{"footnotes":""},"categories":[249],"tags":[],"class_list":["post-29989","post","type-post","status-publish","format-standard","has-post-thumbnail","hentry","category-geralinformativoinicialinstitucionalnoticiaspublicacoes"],"_links":{"self":[{"href":"https:\/\/cta.clst17.mxpr.email.pecoraricloud.com.br\/~assufsmcom\/wp-json\/wp\/v2\/posts\/29989","targetHints":{"allow":["GET"]}}],"collection":[{"href":"https:\/\/cta.clst17.mxpr.email.pecoraricloud.com.br\/~assufsmcom\/wp-json\/wp\/v2\/posts"}],"about":[{"href":"https:\/\/cta.clst17.mxpr.email.pecoraricloud.com.br\/~assufsmcom\/wp-json\/wp\/v2\/types\/post"}],"author":[{"embeddable":true,"href":"https:\/\/cta.clst17.mxpr.email.pecoraricloud.com.br\/~assufsmcom\/wp-json\/wp\/v2\/users\/4"}],"replies":[{"embeddable":true,"href":"https:\/\/cta.clst17.mxpr.email.pecoraricloud.com.br\/~assufsmcom\/wp-json\/wp\/v2\/comments?post=29989"}],"version-history":[{"count":0,"href":"https:\/\/cta.clst17.mxpr.email.pecoraricloud.com.br\/~assufsmcom\/wp-json\/wp\/v2\/posts\/29989\/revisions"}],"wp:featuredmedia":[{"embeddable":true,"href":"https:\/\/cta.clst17.mxpr.email.pecoraricloud.com.br\/~assufsmcom\/wp-json\/wp\/v2\/media\/29990"}],"wp:attachment":[{"href":"https:\/\/cta.clst17.mxpr.email.pecoraricloud.com.br\/~assufsmcom\/wp-json\/wp\/v2\/media?parent=29989"}],"wp:term":[{"taxonomy":"category","embeddable":true,"href":"https:\/\/cta.clst17.mxpr.email.pecoraricloud.com.br\/~assufsmcom\/wp-json\/wp\/v2\/categories?post=29989"},{"taxonomy":"post_tag","embeddable":true,"href":"https:\/\/cta.clst17.mxpr.email.pecoraricloud.com.br\/~assufsmcom\/wp-json\/wp\/v2\/tags?post=29989"}],"curies":[{"name":"wp","href":"https:\/\/api.w.org\/{rel}","templated":true}]}}