{"id":8735,"date":"2018-10-10T14:51:50","date_gmt":"2018-10-10T17:51:50","guid":{"rendered":"https:\/\/cta.clst17.mxpr.email.pecoraricloud.com.br\/~assufsmcom\/2018\/10\/10\/gt-politicas-sociais-e-antirracismo-se-reune-na-segunda-feira\/"},"modified":"2026-04-01T08:37:54","modified_gmt":"2026-04-01T11:37:54","slug":"gt-politicas-sociais-e-antirracismo-se-reune-na-segunda-feira","status":"publish","type":"post","link":"https:\/\/cta.clst17.mxpr.email.pecoraricloud.com.br\/~assufsmcom\/2018\/10\/10\/gt-politicas-sociais-e-antirracismo-se-reune-na-segunda-feira\/","title":{"rendered":"GT Pol\u00edticas Sociais e Antirracismo se re\u00fane na segunda-feira"},"content":{"rendered":"<span dir=\"auto\" style=\"vertical-align: inherit;\"><span dir=\"auto\" style=\"vertical-align: inherit;\"><span dir=\"auto\" style=\"vertical-align: inherit;\"><span dir=\"auto\" style=\"vertical-align: inherit;\">\n<p>\n\nO Grupo de Trabalho de Pol\u00edticas Sociais e Antirracismo da Assufsm est\u00e1 finalizando a constru\u00e7\u00e3o das atividades para o M\u00eas da Consci\u00eancia Negra 2018. A novidade deste ano \u00e9 que todas as atividades em alus\u00e3o a data estar\u00e3o unidas na programa\u00e7\u00e3o da UFSM. Por isso, a Assufsm convida a todos e todas t\u00e9cnico-administrativas negras para participarem da constru\u00e7\u00e3o das atividades propostas pelo sindicato, nesta segunda-feira (15), \u00e0s 14h, na Sala de Reuni\u00f5es da Assufsm.\n\n<\/p>\n<\/span><\/span><\/span><\/span>","protected":false},"excerpt":{"rendered":"<p>O Grupo de Trabalho de Pol\u00edticas Sociais e Antirracismo da Assufsm est\u00e1 finalizando a constru\u00e7\u00e3o das atividades para o M\u00eas da Consci\u00eancia Negra 2018. A novidade deste ano \u00e9 que todas as atividades em alus\u00e3o a data estar\u00e3o unidas na programa\u00e7\u00e3o da UFSM. Por isso, a Assufsm convida a todos e todas t\u00e9cnico-administrativas negras para [&hellip;]<\/p>\n","protected":false},"author":2,"featured_media":8736,"comment_status":"open","ping_status":"open","sticky":false,"template":"","format":"standard","meta":{"footnotes":""},"categories":[14],"tags":[],"class_list":["post-8735","post","type-post","status-publish","format-standard","has-post-thumbnail","hentry","category-geral"],"_links":{"self":[{"href":"https:\/\/cta.clst17.mxpr.email.pecoraricloud.com.br\/~assufsmcom\/wp-json\/wp\/v2\/posts\/8735","targetHints":{"allow":["GET"]}}],"collection":[{"href":"https:\/\/cta.clst17.mxpr.email.pecoraricloud.com.br\/~assufsmcom\/wp-json\/wp\/v2\/posts"}],"about":[{"href":"https:\/\/cta.clst17.mxpr.email.pecoraricloud.com.br\/~assufsmcom\/wp-json\/wp\/v2\/types\/post"}],"author":[{"embeddable":true,"href":"https:\/\/cta.clst17.mxpr.email.pecoraricloud.com.br\/~assufsmcom\/wp-json\/wp\/v2\/users\/2"}],"replies":[{"embeddable":true,"href":"https:\/\/cta.clst17.mxpr.email.pecoraricloud.com.br\/~assufsmcom\/wp-json\/wp\/v2\/comments?post=8735"}],"version-history":[{"count":2,"href":"https:\/\/cta.clst17.mxpr.email.pecoraricloud.com.br\/~assufsmcom\/wp-json\/wp\/v2\/posts\/8735\/revisions"}],"predecessor-version":[{"id":23679,"href":"https:\/\/cta.clst17.mxpr.email.pecoraricloud.com.br\/~assufsmcom\/wp-json\/wp\/v2\/posts\/8735\/revisions\/23679"}],"wp:featuredmedia":[{"embeddable":true,"href":"https:\/\/cta.clst17.mxpr.email.pecoraricloud.com.br\/~assufsmcom\/wp-json\/wp\/v2\/media\/8736"}],"wp:attachment":[{"href":"https:\/\/cta.clst17.mxpr.email.pecoraricloud.com.br\/~assufsmcom\/wp-json\/wp\/v2\/media?parent=8735"}],"wp:term":[{"taxonomy":"category","embeddable":true,"href":"https:\/\/cta.clst17.mxpr.email.pecoraricloud.com.br\/~assufsmcom\/wp-json\/wp\/v2\/categories?post=8735"},{"taxonomy":"post_tag","embeddable":true,"href":"https:\/\/cta.clst17.mxpr.email.pecoraricloud.com.br\/~assufsmcom\/wp-json\/wp\/v2\/tags?post=8735"}],"curies":[{"name":"wp","href":"https:\/\/api.w.org\/{rel}","templated":true}]}}